{"id":7242,"date":"2012-03-30T16:14:33","date_gmt":"2012-03-30T14:14:33","guid":{"rendered":"https:\/\/mediarun.com\/index.php\/news-posts\/o-muszkieterach-i-strazy-granicznej-w-kwietniowej-ramowce-tele5\/"},"modified":"2012-03-30T16:14:33","modified_gmt":"2012-03-30T14:14:33","slug":"o-muszkieterach-i-strazy-granicznej-w-kwietniowej-ramowce-tele5","status":"publish","type":"post","link":"https:\/\/mediarun.com\/pl\/media\/tv\/o-muszkieterach-i-strazy-granicznej-w-kwietniowej-ramowce-tele5.html","title":{"rendered":"O muszkieterach i stra\u017cy granicznej w kwietniowej ram\u00f3wce Tele5"},"content":{"rendered":"<p>Od 7 kwietnia br. w sobot\u0119 o godz. 17:10 na antenie Tele5 b\u0119dzie mo\u017cna obejrze\u0107 premierowy odcinek serialu &#8222;M\u0142odzi muszkieterowie&#8221;. Tytu\u0142owi bohaterowie to adepci Akademii Muszkieter&oacute;w &#8211; siedemnastowiecznego odpowiednika wsp&oacute;\u0142czesnej uczelni wojskowej. Czw&oacute;rka przyjaci&oacute;\u0142 stworzy grup\u0119, kt&oacute;ra walczy\u0107 b\u0119dzie w obronie ojczyzny i czci m\u0142odego kr&oacute;la Ludwika. Na ich drodze stanie jednak demoniczny doradca kr&oacute;lewski &#8211; kardyna\u0142 Mazarin.<\/p>\n<p>Kwietniow\u0105 propozycj\u0105 kana\u0142u jest serial dokumentalny &#8222;Stra\u017c graniczna&#8221;. Przedstawi on prac\u0119 ludzi strzeg\u0105cych australijskich granic: stra\u017cnik&oacute;w, celnik&oacute;w, antyterroryst&oacute;w, urz\u0119dnik&oacute;w imigracyjnych i sanitarnych. Emisja od 11 kwietnia, od poniedzia\u0142ku do pi\u0105tku o godz. 17:55.<\/p>\n<p>Telewizja Tele5 wyemituje tak\u017ce drugi sezon ameryka\u0144skiego serialu &#8222;S\u0142owo na R&#8221; (poniedzia\u0142ek-pi\u0105tek oko\u0142o godz. 22:00). To opowie\u015b\u0107 o \u017cyciu, zmaganiach z chorob\u0105, pogoni\u0105 za marzeniami w zderzeniu ze \u015bmierci\u0105. Dla Cathy Jamison (Laura Linney) najwa\u017cniejsze staje si\u0119, aby si\u0119 nie poddawa\u0107 i nie traci\u0107 dobrego humoru. Kiedy dowiaduje si\u0119, \u017ce jest nieuleczalnie chora na raka, stara si\u0119 pogodzi\u0107 ze \u015bwiadomo\u015bci\u0105, i\u017c wkr&oacute;tce umrze. Postanawia si\u0119 nie zadr\u0119cza\u0107 i jak najlepiej wykorzysta\u0107 czas, kt&oacute;ry jej pozosta\u0142. Diagnoz\u0119 przyjmuje z pogod\u0105 ducha i traktuje chorob\u0119 jak wyzwanie, aby reszt\u0119 swoich dni prze\u017cy\u0107 jak najpe\u0142niej.<\/p>\n","protected":false},"excerpt":{"rendered":"W wielkanocny weekend na antenie Tele5 ruszy emisja serialu &#8222;M\u0142odzi muszkieterowie&#8221;. Kilka dni p&oacute;\u017aniej stacja wyemituje pi\u0105ty sezon australijskiego serialu &#8222;Stra\u017c graniczna&#8221;.","protected":false},"author":1,"featured_media":7243,"comment_status":"open","ping_status":"closed","sticky":false,"template":"","format":"standard","meta":{"csco_display_header_overlay":false,"csco_singular_sidebar":"","csco_page_header_type":"","csco_page_load_nextpost":"","csco_post_video_location":[],"csco_post_video_location_hash":"","csco_post_video_url":"","csco_post_video_bg_start_time":0,"csco_post_video_bg_end_time":0,"footnotes":""},"categories":[9670],"tags":[980,619],"class_list":{"0":"post-7242","1":"post","2":"type-post","3":"status-publish","4":"format-standard","5":"has-post-thumbnail","7":"category-tv","8":"tag-ramowka","9":"tag-tele5","10":"cs-entry","11":"cs-video-wrap"},"_links":{"self":[{"href":"https:\/\/mediarun.com\/pl\/wp-json\/wp\/v2\/posts\/7242","targetHints":{"allow":["GET"]}}],"collection":[{"href":"https:\/\/mediarun.com\/pl\/wp-json\/wp\/v2\/posts"}],"about":[{"href":"https:\/\/mediarun.com\/pl\/wp-json\/wp\/v2\/types\/post"}],"author":[{"embeddable":true,"href":"https:\/\/mediarun.com\/pl\/wp-json\/wp\/v2\/users\/1"}],"replies":[{"embeddable":true,"href":"https:\/\/mediarun.com\/pl\/wp-json\/wp\/v2\/comments?post=7242"}],"version-history":[{"count":0,"href":"https:\/\/mediarun.com\/pl\/wp-json\/wp\/v2\/posts\/7242\/revisions"}],"wp:featuredmedia":[{"embeddable":true,"href":"https:\/\/mediarun.com\/pl\/wp-json\/wp\/v2\/media\/7243"}],"wp:attachment":[{"href":"https:\/\/mediarun.com\/pl\/wp-json\/wp\/v2\/media?parent=7242"}],"wp:term":[{"taxonomy":"category","embeddable":true,"href":"https:\/\/mediarun.com\/pl\/wp-json\/wp\/v2\/categories?post=7242"},{"taxonomy":"post_tag","embeddable":true,"href":"https:\/\/mediarun.com\/pl\/wp-json\/wp\/v2\/tags?post=7242"}],"curies":[{"name":"wp","href":"https:\/\/api.w.org\/{rel}","templated":true}]}}