{"id":72402,"date":"2006-09-04T06:00:00","date_gmt":"2006-09-04T04:00:00","guid":{"rendered":"https:\/\/mediarun.com\/index.php\/news-posts\/miasto-kobiet-w-nowej-formule\/"},"modified":"2006-09-04T06:00:00","modified_gmt":"2006-09-04T04:00:00","slug":"miasto-kobiet-w-nowej-formule","status":"publish","type":"post","link":"https:\/\/mediarun.com\/pl\/media\/tv\/miasto-kobiet-w-nowej-formule.html","title":{"rendered":"&quot;Miasto Kobiet&quot; w nowej formule"},"content":{"rendered":"<p><P>poniedzia\u0142kow\u0105 premier\u0119, za\u015b Paulina M\u0142ynarska b\u0119dzie gospodyni\u0105 programu w \u015brody. <\/P><br \/>\n<P>Oba wydania maj\u0105 t\u0119 sam\u0105 trzycz\u0119\u015bciow\u0105 konstrukcj\u0119, obejmuj\u0105c\u0105 rozmowy z go\u015b\u0107mi, wywiad z gwiazd\u0105 i spotkania &#8222;lo\u017cy&#8221; zwi\u0105zanych z mediami komentator\u00f3w. W\u015br\u00f3d go\u015bci- komentator\u00f3w Pauliny M\u0142ynarskiej s\u0105 m.in. prezenterzy radiowi Michael Moritz, Pawe\u0142 Loroch i Marcin Kude\u0142ka, za\u015b Marzena Rogalska zaprasza do studia m.in. Marcina Prokopa, Krzysztofa Skib\u0119, Rafa\u0142a Bryndala i Katarzyn\u0119 Lengren.<\/P><br \/>\n<P>Nowe odcinki programu pojawi\u0105 si\u0119 w TVN Style od 4 wrze\u015bnia. Premiera o 22.30.<\/P><\/p>\n","protected":false},"excerpt":{"rendered":"Od wrze\u015bnia program &quot;Miasto Kobiet&quot;, emitowany w TVN Style, b\u0119dzie mia\u0142 now\u0105 formu\u0142\u0119. Marzena Rogalska poprowadzi&#8230;","protected":false},"author":1,"featured_media":72403,"comment_status":"open","ping_status":"closed","sticky":false,"template":"","format":"standard","meta":{"csco_display_header_overlay":false,"csco_singular_sidebar":"","csco_page_header_type":"","csco_page_load_nextpost":"","csco_post_video_location":[],"csco_post_video_location_hash":"","csco_post_video_url":"","csco_post_video_bg_start_time":0,"csco_post_video_bg_end_time":0,"footnotes":""},"categories":[9670],"tags":[],"class_list":{"0":"post-72402","1":"post","2":"type-post","3":"status-publish","4":"format-standard","5":"has-post-thumbnail","7":"category-tv","8":"cs-entry","9":"cs-video-wrap"},"_links":{"self":[{"href":"https:\/\/mediarun.com\/pl\/wp-json\/wp\/v2\/posts\/72402","targetHints":{"allow":["GET"]}}],"collection":[{"href":"https:\/\/mediarun.com\/pl\/wp-json\/wp\/v2\/posts"}],"about":[{"href":"https:\/\/mediarun.com\/pl\/wp-json\/wp\/v2\/types\/post"}],"author":[{"embeddable":true,"href":"https:\/\/mediarun.com\/pl\/wp-json\/wp\/v2\/users\/1"}],"replies":[{"embeddable":true,"href":"https:\/\/mediarun.com\/pl\/wp-json\/wp\/v2\/comments?post=72402"}],"version-history":[{"count":0,"href":"https:\/\/mediarun.com\/pl\/wp-json\/wp\/v2\/posts\/72402\/revisions"}],"wp:featuredmedia":[{"embeddable":true,"href":"https:\/\/mediarun.com\/pl\/wp-json\/wp\/v2\/media\/72403"}],"wp:attachment":[{"href":"https:\/\/mediarun.com\/pl\/wp-json\/wp\/v2\/media?parent=72402"}],"wp:term":[{"taxonomy":"category","embeddable":true,"href":"https:\/\/mediarun.com\/pl\/wp-json\/wp\/v2\/categories?post=72402"},{"taxonomy":"post_tag","embeddable":true,"href":"https:\/\/mediarun.com\/pl\/wp-json\/wp\/v2\/tags?post=72402"}],"curies":[{"name":"wp","href":"https:\/\/api.w.org\/{rel}","templated":true}]}}