{"id":72341,"date":"2006-09-05T06:00:00","date_gmt":"2006-09-05T04:00:00","guid":{"rendered":"https:\/\/mediarun.com\/index.php\/news-posts\/monika-olejnik-odeszla-z-tvp\/"},"modified":"2006-09-05T06:00:00","modified_gmt":"2006-09-05T04:00:00","slug":"monika-olejnik-odeszla-z-tvp","status":"publish","type":"post","link":"https:\/\/mediarun.com\/pl\/media\/tv\/monika-olejnik-odeszla-z-tvp.html","title":{"rendered":"Monika Olejnik odesz\u0142a z TVP"},"content":{"rendered":"<p><P>publicznej po tym, gdy emisj\u0119 jej programu przesuni\u0119to na p\u00f3\u017aniejsz\u0105 godzin\u0119.<\/P><br \/>\n<P>&#8211; Nie uda\u0142o mi si\u0119 porozumie\u0107 z w\u0142adzami TVP. Strasznie mi przykro, \u017ce rozstaj\u0119 si\u0119 z widzami publicznej telewizji &#8211; powiedzia\u0142a Olejnik. Olejnik uwa\u017ca, \u017ce pora emisji, jak\u0105 jej zaproponowano, by\u0142a zbyt p\u00f3\u017ana. &#8211; W jesiennej ram\u00f3wce rozpi\u0119to\u015b\u0107 godziny nadawania &#8222;Prosto w oczy&#8221; waha\u0142a si\u0119 mi\u0119dzy 23.10 a 23.40 &#8211; powiedzia\u0142a. Podkre\u015bli\u0142a, \u017ce do ko\u0144ca prowadzi\u0142a rozmowy z TVP w tej sprawie.<\/P><br \/>\n<P>Przed wakacjami program &#8222;Prosto w oczy&#8221; emitowany by\u0142 o godz. 22.45. W projekcie jesiennej ram\u00f3wki TVP1 program przesuni\u0119to na godz. 23.30. W trakcie negocjacji TVP posz\u0142a na kompromis i przesun\u0119\u0142a program na godz. 23.15. Wed\u0142ug TVP, Olejnik nie odpowiedzia\u0142a na jej propozycj\u0119.<\/P><br \/>\n<P>&#8222;Stanowczo o\u015bwiadczamy, \u017ce nie by\u0142o intencj\u0105 TVP rezygnacja z programu &#8222;Prosto w oczy&#8221; ani marginalizacja osoby Moniki Olejnik na antenie TVP. Mo\u017cliwo\u015b\u0107 prowadzenia cztery razy w tygodniu g\u0142\u00f3wnej rozmowy politycznej na najwi\u0119kszej antenie telewizyjnej w Polsce traktowa\u0107 nale\u017cy raczej jako nadzwyczajny przywilej dziennikarski. Mo\u017ce nam by\u0107 co najwy\u017cej przykro, \u017ce Pani Monika Olejnik nie doceni\u0142a tego&#8221; &#8211; napisano w komunikacie TVP.<\/P><br \/>\n<P>TVP poinformowa\u0142a ponadto, \u017ce Olejnik &#8222;nie przyj\u0119\u0142a propozycji prowadzenia programu publicystycznego w dobrym czasie antenowym w TVP2&#8221;.<\/P><br \/>\n<P>W o\u015bwiadczeniu przekazanym PAP Monika Olejnik napisa\u0142a m.in.: &#8222;Praca w Telewizji Publicznej by\u0142a dla mnie ciekawym i cennym do\u015bwiadczeniem. \u017ba\u0142uj\u0119, \u017ce mimo mojej \u017cyczliwo\u015bci i dobrej woli nie doszli\u015bmy do porozumienia z osobami wyznaczonymi przez Prezesa Bronis\u0142awa Wildsteina do rozm\u00f3w w sprawie &#8222;Prosto w Oczy&#8221;.<\/P><br \/>\n<P>TVP zdecydowa\u0142a, \u017ce w tym tygodniu w miejsce programu &#8222;Prosto w oczy&#8221; b\u0119d\u0105 nadane wieczorne &#8222;Wiadomo\u015bci&#8221; rozszerzone o tzw. cz\u0119\u015b\u0107 analityczn\u0105. Natomiast w przysz\u0142ym tygodniu w miejsce zdj\u0119tego z ram\u00f3wki programu pojawi si\u0119 nowy program publicystyczny, podsumowuj\u0105cy dzie\u0144.<\/P><\/p>\n","protected":false},"excerpt":{"rendered":"Monika Olejnik nie poprowadzi ju\u017c rozm\u00f3w z politykami w wieczornym programie TVP1 &quot;Prosto w oczy&quot; &#8211; poinformowa\u0142a TVP. Dziennikarka zdecydowa\u0142a o odej\u015bciu z telewizji&#8230;","protected":false},"author":1,"featured_media":72342,"comment_status":"open","ping_status":"closed","sticky":false,"template":"","format":"standard","meta":{"csco_display_header_overlay":false,"csco_singular_sidebar":"","csco_page_header_type":"","csco_page_load_nextpost":"","csco_post_video_location":[],"csco_post_video_location_hash":"","csco_post_video_url":"","csco_post_video_bg_start_time":0,"csco_post_video_bg_end_time":0,"footnotes":""},"categories":[9670],"tags":[980],"class_list":{"0":"post-72341","1":"post","2":"type-post","3":"status-publish","4":"format-standard","5":"has-post-thumbnail","7":"category-tv","8":"tag-ramowka","9":"cs-entry","10":"cs-video-wrap"},"_links":{"self":[{"href":"https:\/\/mediarun.com\/pl\/wp-json\/wp\/v2\/posts\/72341","targetHints":{"allow":["GET"]}}],"collection":[{"href":"https:\/\/mediarun.com\/pl\/wp-json\/wp\/v2\/posts"}],"about":[{"href":"https:\/\/mediarun.com\/pl\/wp-json\/wp\/v2\/types\/post"}],"author":[{"embeddable":true,"href":"https:\/\/mediarun.com\/pl\/wp-json\/wp\/v2\/users\/1"}],"replies":[{"embeddable":true,"href":"https:\/\/mediarun.com\/pl\/wp-json\/wp\/v2\/comments?post=72341"}],"version-history":[{"count":0,"href":"https:\/\/mediarun.com\/pl\/wp-json\/wp\/v2\/posts\/72341\/revisions"}],"wp:featuredmedia":[{"embeddable":true,"href":"https:\/\/mediarun.com\/pl\/wp-json\/wp\/v2\/media\/72342"}],"wp:attachment":[{"href":"https:\/\/mediarun.com\/pl\/wp-json\/wp\/v2\/media?parent=72341"}],"wp:term":[{"taxonomy":"category","embeddable":true,"href":"https:\/\/mediarun.com\/pl\/wp-json\/wp\/v2\/categories?post=72341"},{"taxonomy":"post_tag","embeddable":true,"href":"https:\/\/mediarun.com\/pl\/wp-json\/wp\/v2\/tags?post=72341"}],"curies":[{"name":"wp","href":"https:\/\/api.w.org\/{rel}","templated":true}]}}