{"id":72329,"date":"2006-09-05T06:00:00","date_gmt":"2006-09-05T04:00:00","guid":{"rendered":"https:\/\/mediarun.com\/index.php\/news-posts\/olejnik-poprowadzi-program-w-tvn24\/"},"modified":"2006-09-05T06:00:00","modified_gmt":"2006-09-05T04:00:00","slug":"olejnik-poprowadzi-program-w-tvn24","status":"publish","type":"post","link":"https:\/\/mediarun.com\/pl\/media\/tv\/olejnik-poprowadzi-program-w-tvn24.html","title":{"rendered":"Olejnik poprowadzi program w TVN24"},"content":{"rendered":"<p><P>&#8211; Przyj\u015bcie do stacji (TVN24) Moniki Olejnik powinno wzmocni\u0107 przekonanie, \u017ce w istocie to TVN24 jest medium publicznym numer 1. w Polsce i jak nikt inny wype\u0142niamy misj\u0119 informacyjn\u0105 &#8211; stwierdzi\u0142 prezes TVN24 Adam Pieczy\u0144ski w informacji przes\u0142anej PAP.<\/P><br \/>\n<P>Jak zapowiada TVN, &#8222;Kropka nad i&#8221; wpisze si\u0119 w pasmo publicystyczno-informacyjne TVN24, w kt\u00f3rym swoje autorskie programy prowadz\u0105: Justyna Pochanke, Roman M\u0142odkowski, Bogdan Rymanowski, Grzegorz Miecugow i Tomasz Sianecki. Blok program\u00f3w publicystycznych b\u0119dzie trwa\u0142 od godz. 17.30 do 23.30.<\/P><br \/>\n<P>W poniedzia\u0142ek wieczorem TVP poinformowa\u0142a, \u017ce Olejnik nie poprowadzi ju\u017c rozm\u00f3w z politykami w wieczornym programie TVP1 &#8222;Prosto w oczy&#8221;. Dziennikarka zdecydowa\u0142a o odej\u015bciu z telewizji publicznej po tym, gdy emisj\u0119 jej programu przesuni\u0119to na p\u00f3\u017aniejsz\u0105 godzin\u0119.<\/P><\/p>\n","protected":false},"excerpt":{"rendered":"Monika Olejnik w najbli\u017cszych dniach poprowadzi sw\u00f3j autorski program &quot;Kropka nad i&quot; na antenie TVN24 &#8211; poinformowa\u0142a we wtorek telewizja TVN24.","protected":false},"author":1,"featured_media":72330,"comment_status":"open","ping_status":"closed","sticky":false,"template":"","format":"standard","meta":{"csco_display_header_overlay":false,"csco_singular_sidebar":"","csco_page_header_type":"","csco_page_load_nextpost":"","csco_post_video_location":[],"csco_post_video_location_hash":"","csco_post_video_url":"","csco_post_video_bg_start_time":0,"csco_post_video_bg_end_time":0,"footnotes":""},"categories":[9670],"tags":[3125],"class_list":{"0":"post-72329","1":"post","2":"type-post","3":"status-publish","4":"format-standard","5":"has-post-thumbnail","7":"category-tv","8":"tag-grzegorz-miecugow","9":"cs-entry","10":"cs-video-wrap"},"_links":{"self":[{"href":"https:\/\/mediarun.com\/pl\/wp-json\/wp\/v2\/posts\/72329","targetHints":{"allow":["GET"]}}],"collection":[{"href":"https:\/\/mediarun.com\/pl\/wp-json\/wp\/v2\/posts"}],"about":[{"href":"https:\/\/mediarun.com\/pl\/wp-json\/wp\/v2\/types\/post"}],"author":[{"embeddable":true,"href":"https:\/\/mediarun.com\/pl\/wp-json\/wp\/v2\/users\/1"}],"replies":[{"embeddable":true,"href":"https:\/\/mediarun.com\/pl\/wp-json\/wp\/v2\/comments?post=72329"}],"version-history":[{"count":0,"href":"https:\/\/mediarun.com\/pl\/wp-json\/wp\/v2\/posts\/72329\/revisions"}],"wp:featuredmedia":[{"embeddable":true,"href":"https:\/\/mediarun.com\/pl\/wp-json\/wp\/v2\/media\/72330"}],"wp:attachment":[{"href":"https:\/\/mediarun.com\/pl\/wp-json\/wp\/v2\/media?parent=72329"}],"wp:term":[{"taxonomy":"category","embeddable":true,"href":"https:\/\/mediarun.com\/pl\/wp-json\/wp\/v2\/categories?post=72329"},{"taxonomy":"post_tag","embeddable":true,"href":"https:\/\/mediarun.com\/pl\/wp-json\/wp\/v2\/tags?post=72329"}],"curies":[{"name":"wp","href":"https:\/\/api.w.org\/{rel}","templated":true}]}}