{"id":72287,"date":"2006-09-06T06:00:00","date_gmt":"2006-09-06T04:00:00","guid":{"rendered":"https:\/\/mediarun.com\/index.php\/news-posts\/awanse-w-media-concept-3\/"},"modified":"2006-09-06T06:00:00","modified_gmt":"2006-09-06T04:00:00","slug":"awanse-w-media-concept-3","status":"publish","type":"post","link":"https:\/\/mediarun.com\/pl\/ludzie\/awanse\/awanse-w-media-concept-3.html","title":{"rendered":"Awanse w Media Concept"},"content":{"rendered":"<p>Dotychczas zatrudniony by\u0142 na stanowisku dyrektora obs\u0142ugi klienta. Nowakowski zwi\u0105zany jest z Media Concept od ponad 7 lat. Obecnie jest odpowiedzialny za operacyjne zarz\u0105dzanie sp\u00f3\u0142k\u0105, w tym r\u00f3wnie\u017c za zarz\u0105dzanie prac\u0105 wszystkich zespo\u0142\u00f3w planerskich oraz kontaktem z kluczowymi klientami firmy i mediami.<BR><BR>Od 1 wrze\u015bnia awans r\u00f3wnie\u017c nastapi\u0142 na stanowisku group account directora. Funkcj\u0119 t\u0119 b\u0119dzie pe\u0142ni\u0142a Liliana Matuszczak z pozna\u0144skiego oddzia\u0142u Media Concept. <BR><BR><\/p>\n","protected":false},"excerpt":{"rendered":"Obowi\u0105zki dyrektora zarz\u0105dzaj\u0105cego w firmie Media Concept przej\u0105\u0142 Bartosz Nowakowski.","protected":false},"author":1,"featured_media":72288,"comment_status":"open","ping_status":"closed","sticky":false,"template":"","format":"standard","meta":{"csco_display_header_overlay":false,"csco_singular_sidebar":"","csco_page_header_type":"","csco_page_load_nextpost":"","csco_post_video_location":[],"csco_post_video_location_hash":"","csco_post_video_url":"","csco_post_video_bg_start_time":0,"csco_post_video_bg_end_time":0,"footnotes":""},"categories":[9678],"tags":[],"class_list":{"0":"post-72287","1":"post","2":"type-post","3":"status-publish","4":"format-standard","5":"has-post-thumbnail","7":"category-awanse","8":"cs-entry","9":"cs-video-wrap"},"_links":{"self":[{"href":"https:\/\/mediarun.com\/pl\/wp-json\/wp\/v2\/posts\/72287","targetHints":{"allow":["GET"]}}],"collection":[{"href":"https:\/\/mediarun.com\/pl\/wp-json\/wp\/v2\/posts"}],"about":[{"href":"https:\/\/mediarun.com\/pl\/wp-json\/wp\/v2\/types\/post"}],"author":[{"embeddable":true,"href":"https:\/\/mediarun.com\/pl\/wp-json\/wp\/v2\/users\/1"}],"replies":[{"embeddable":true,"href":"https:\/\/mediarun.com\/pl\/wp-json\/wp\/v2\/comments?post=72287"}],"version-history":[{"count":0,"href":"https:\/\/mediarun.com\/pl\/wp-json\/wp\/v2\/posts\/72287\/revisions"}],"wp:featuredmedia":[{"embeddable":true,"href":"https:\/\/mediarun.com\/pl\/wp-json\/wp\/v2\/media\/72288"}],"wp:attachment":[{"href":"https:\/\/mediarun.com\/pl\/wp-json\/wp\/v2\/media?parent=72287"}],"wp:term":[{"taxonomy":"category","embeddable":true,"href":"https:\/\/mediarun.com\/pl\/wp-json\/wp\/v2\/categories?post=72287"},{"taxonomy":"post_tag","embeddable":true,"href":"https:\/\/mediarun.com\/pl\/wp-json\/wp\/v2\/tags?post=72287"}],"curies":[{"name":"wp","href":"https:\/\/api.w.org\/{rel}","templated":true}]}}