{"id":7226,"date":"2012-04-02T01:49:33","date_gmt":"2012-04-01T23:49:33","guid":{"rendered":"https:\/\/mediarun.com\/index.php\/news-posts\/wspolautor-lifes-for-sharing-w-sopocie\/"},"modified":"2015-01-13T01:14:16","modified_gmt":"2015-01-13T01:14:16","slug":"wspolautor-lifes-for-sharing-w-sopocie","status":"publish","type":"post","link":"https:\/\/mediarun.com\/pl\/wydarzenia\/konferencje\/wspolautor-lifes-for-sharing-w-sopocie.html","title":{"rendered":"Wsp\u00f3\u0142autor &#8222;Life&#8217;s for sharing&#8221; w Sopocie"},"content":{"rendered":"<p>Fernandes jest odpowiedzialny za sieci spo\u0142eczno\u015bciowe i rekomendowanie najlepszych rozwi\u0105za\u0144 komunikacyjnych w tym obszarze dla portfolio klient&oacute;w MediaComu na poziomie globalnym.<\/p>\n<p>Pracowa\u0142&nbsp;dla takich klient&oacute;w jak Volskwagen, E.ON UK, Brita, Audi, EA, Shell czy Deutche Bank. Jest wsp&oacute;\u0142autorem szeroko nagradzanej kampanii T-Mobile &#8222;Life&#8217;s for sharing&#8221;.<\/p>\n<p>Podczas Konresu Dyrektor&oacute;w Marketingu Ivan Fernandes, wsp&oacute;lnie ze Ew\u0105 Tumanow, pe\u0142ni\u0105c\u0105 funkcj\u0119 Central Europe digital leadera w Mediacom Polska, wyst\u0105pi 25 kwietnia w sekcji &#8222;Social Local Mobile&#8221;.<\/p>\n<p>&#8212;<\/p>\n<p>Matthew Mee do\u0142\u0105cza do coraz liczniejszego grona go\u015bci specjalnych, kt&oacute;rzy pojawi\u0105&nbsp;si\u0119&nbsp;na Kongresie Dyrektor&oacute;w Marketingu. Dotychczas swoj\u0105 obecno\u015b\u0107 potwierdzili m.in.&nbsp;<strong><a href=\"http:\/\/kongresdyrektorowmarketingu.pl\/prelegenci\/kate-waddell\/\" target=\"_blank\" rel=\"noopener\"><strong>Kate Waddell<\/strong><\/a><\/strong>&nbsp;(Dragon Rouge),&nbsp;<a href=\"http:\/\/kongresdyrektorowmarketingu.pl\/prelegenci\/david-schwieler\/\" target=\"_blank\" rel=\"noopener\"><strong><strong><strong>David Schwieler<\/strong><\/strong><\/strong><\/a>&nbsp;(INGO sthlm),&nbsp;<strong><a href=\"http:\/\/kongresdyrektorowmarketingu.pl\/prelegenci\/frank-wolfram\/\" target=\"_blank\" rel=\"noopener\"><strong><strong>Frank Wolfram<\/strong><\/strong><\/a><\/strong>&nbsp;(Syzygy Group),&nbsp;<a href=\"http:\/\/kongresdyrektorowmarketingu.pl\/prelegenci\/alemsah-ozturk\/\" target=\"_blank\" rel=\"noopener\"><strong><strong><strong><strong>Alemsah Ozturk<\/strong><\/strong><\/strong><\/strong><\/a>&nbsp;(41? 29!) oraz&nbsp;<strong><strong><strong><a href=\"http:\/\/kongresdyrektorowmarketingu.pl\/prelegenci\/paul-papadimitriou\/\" target=\"_blank\" rel=\"noopener\"><strong>Paul Papadimitriou<\/strong><\/a>&nbsp;<\/strong><\/strong>(Constellation Research). W najbli\u017cszych dniach ujawnione zostan\u0105 nazwiska kolejnych go\u015bci.<\/strong><\/p>\n<p>Druga edycja&nbsp;<a href=\"http:\/\/kongresdyrektorowmarketingu.pl\/\" target=\"_blank\" rel=\"noopener\"><strong><strong>Kongresu Dyrektor&oacute;w Marketingu<\/strong><\/strong><\/a>, kt&oacute;ra b\u0119dzie przebiega\u0107 pod has\u0142em &#8222;Marketing is Everything&#8221;, odb\u0119dzie si\u0119 w dniach 25-26 kwietnia w Sopocie i jest elementem&nbsp;<strong><a href=\"https:\/\/www.facebook.com\/BUSINESSSOPOTFESTIVAL\" target=\"_blank\" rel=\"noopener\"><strong>Business Sopot Festivalu<\/strong><\/a><\/strong>. Organizatorem wydarzenia jest Mediarun.pl.<\/p>\n<p><strong>+ <a href=\"https:\/\/www.facebook.com\/BUSINESSSOPOTFESTIVAL\" target=\"_blank\" rel=\"noopener\">fanpage Business Sopot Festival<\/a><\/strong><\/p>\n","protected":false},"excerpt":{"rendered":"Ivan Fernandes, odpowiedzialny za social media w MediaCom Worldwide, do\u0142\u0105czy\u0142 do grona go\u015bci specjalnych Kongresu Dyrektor&oacute;w Marketingu.","protected":false},"author":1,"featured_media":7227,"comment_status":"open","ping_status":"closed","sticky":false,"template":"","format":"standard","meta":{"csco_display_header_overlay":false,"csco_singular_sidebar":"","csco_page_header_type":"","csco_page_load_nextpost":"","csco_post_video_location":[],"csco_post_video_location_hash":"","csco_post_video_url":"","csco_post_video_bg_start_time":0,"csco_post_video_bg_end_time":0,"footnotes":""},"categories":[9658,4641],"tags":[466],"class_list":{"0":"post-7226","1":"post","2":"type-post","3":"status-publish","4":"format-standard","5":"has-post-thumbnail","7":"category-branding","8":"category-konferencje","9":"tag-kongres-dyrektorow-marketingu","10":"cs-entry","11":"cs-video-wrap"},"_links":{"self":[{"href":"https:\/\/mediarun.com\/pl\/wp-json\/wp\/v2\/posts\/7226","targetHints":{"allow":["GET"]}}],"collection":[{"href":"https:\/\/mediarun.com\/pl\/wp-json\/wp\/v2\/posts"}],"about":[{"href":"https:\/\/mediarun.com\/pl\/wp-json\/wp\/v2\/types\/post"}],"author":[{"embeddable":true,"href":"https:\/\/mediarun.com\/pl\/wp-json\/wp\/v2\/users\/1"}],"replies":[{"embeddable":true,"href":"https:\/\/mediarun.com\/pl\/wp-json\/wp\/v2\/comments?post=7226"}],"version-history":[{"count":0,"href":"https:\/\/mediarun.com\/pl\/wp-json\/wp\/v2\/posts\/7226\/revisions"}],"wp:featuredmedia":[{"embeddable":true,"href":"https:\/\/mediarun.com\/pl\/wp-json\/wp\/v2\/media\/7227"}],"wp:attachment":[{"href":"https:\/\/mediarun.com\/pl\/wp-json\/wp\/v2\/media?parent=7226"}],"wp:term":[{"taxonomy":"category","embeddable":true,"href":"https:\/\/mediarun.com\/pl\/wp-json\/wp\/v2\/categories?post=7226"},{"taxonomy":"post_tag","embeddable":true,"href":"https:\/\/mediarun.com\/pl\/wp-json\/wp\/v2\/tags?post=7226"}],"curies":[{"name":"wp","href":"https:\/\/api.w.org\/{rel}","templated":true}]}}