{"id":72216,"date":"2006-09-07T06:00:00","date_gmt":"2006-09-07T04:00:00","guid":{"rendered":"https:\/\/mediarun.com\/index.php\/news-posts\/awanse-w-dziale-pr-hp-polska\/"},"modified":"2006-09-07T06:00:00","modified_gmt":"2006-09-07T04:00:00","slug":"awanse-w-dziale-pr-hp-polska","status":"publish","type":"post","link":"https:\/\/mediarun.com\/pl\/ludzie\/awanse\/awanse-w-dziale-pr-hp-polska.html","title":{"rendered":"Awanse w dziale PR HP Polska"},"content":{"rendered":"<p><P>Ewa Lis obj\u0119\u0142a stanowisko menad\u017cera ds. marketingu i PR korporacyjnego w HP Polska i b\u0119dzie odpowiedzialna za strategi\u0119 budowania wizerunku firmy, kontakty z mediami oraz rozw\u00f3j komunikacji wewn\u0119trznej. Pe\u0142ni te\u017c funkcj\u0119 rzecznika prasowego HP. Ewa Lis pracuje w HP od 5 lat. <\/P><br \/>\n<P>Krzysztof Ma\u0142ecki obj\u0105\u0142 stanowisko enterprise product PR managera w dziale TSG (dzia\u0142 rozwi\u0105za\u0144 dla przedsi\u0119biorstw) i b\u0119dzie odpowiedzialny za produkty dzia\u0142u TSG (Technology Solutions Group) &#8211; serwery, storage oraz sieci. Z HP jest zwi\u0105zany od 2 lat.<\/P><\/p>\n","protected":false},"excerpt":{"rendered":"W zespole PR firmy Hewlett-Packard Polska dosz\u0142o do zmian personalnych.","protected":false},"author":1,"featured_media":72217,"comment_status":"open","ping_status":"closed","sticky":false,"template":"","format":"standard","meta":{"csco_display_header_overlay":false,"csco_singular_sidebar":"","csco_page_header_type":"","csco_page_load_nextpost":"","csco_post_video_location":[],"csco_post_video_location_hash":"","csco_post_video_url":"","csco_post_video_bg_start_time":0,"csco_post_video_bg_end_time":0,"footnotes":""},"categories":[9678],"tags":[],"class_list":{"0":"post-72216","1":"post","2":"type-post","3":"status-publish","4":"format-standard","5":"has-post-thumbnail","7":"category-awanse","8":"cs-entry","9":"cs-video-wrap"},"_links":{"self":[{"href":"https:\/\/mediarun.com\/pl\/wp-json\/wp\/v2\/posts\/72216","targetHints":{"allow":["GET"]}}],"collection":[{"href":"https:\/\/mediarun.com\/pl\/wp-json\/wp\/v2\/posts"}],"about":[{"href":"https:\/\/mediarun.com\/pl\/wp-json\/wp\/v2\/types\/post"}],"author":[{"embeddable":true,"href":"https:\/\/mediarun.com\/pl\/wp-json\/wp\/v2\/users\/1"}],"replies":[{"embeddable":true,"href":"https:\/\/mediarun.com\/pl\/wp-json\/wp\/v2\/comments?post=72216"}],"version-history":[{"count":0,"href":"https:\/\/mediarun.com\/pl\/wp-json\/wp\/v2\/posts\/72216\/revisions"}],"wp:featuredmedia":[{"embeddable":true,"href":"https:\/\/mediarun.com\/pl\/wp-json\/wp\/v2\/media\/72217"}],"wp:attachment":[{"href":"https:\/\/mediarun.com\/pl\/wp-json\/wp\/v2\/media?parent=72216"}],"wp:term":[{"taxonomy":"category","embeddable":true,"href":"https:\/\/mediarun.com\/pl\/wp-json\/wp\/v2\/categories?post=72216"},{"taxonomy":"post_tag","embeddable":true,"href":"https:\/\/mediarun.com\/pl\/wp-json\/wp\/v2\/tags?post=72216"}],"curies":[{"name":"wp","href":"https:\/\/api.w.org\/{rel}","templated":true}]}}