{"id":7216,"date":"2012-04-02T12:17:01","date_gmt":"2012-04-02T10:17:01","guid":{"rendered":"https:\/\/mediarun.com\/index.php\/news-posts\/dwa-dokumenty-ewy-ewart-nagrodzone-na-world-media-festival-w-hamburgu\/"},"modified":"2012-04-02T12:17:01","modified_gmt":"2012-04-02T10:17:01","slug":"dwa-dokumenty-ewy-ewart-nagrodzone-na-world-media-festival-w-hamburgu","status":"publish","type":"post","link":"https:\/\/mediarun.com\/pl\/media\/tv\/dwa-dokumenty-ewy-ewart-nagrodzone-na-world-media-festival-w-hamburgu.html","title":{"rendered":"Dwa dokumenty Ewy Ewart nagrodzone na World Media Festival w Hamburgu"},"content":{"rendered":"<p>World Media Festival w Hamburgu to jeden z wa\u017cniejszych festiwali w bran\u017cy medialnej. Zosta\u0142 on za\u0142o\u017cony w 2000 roku z inicjatywy Intermedia .<\/p>\n<p>&#8211; To, \u017ce ta nagroda zosta\u0142a nam przyznana to uznanie przede wszystkim dla niezwyk\u0142ych bohater&oacute;w obu tych film&oacute;w &#8211; m&oacute;wi\u0142a Ewa Ewart na antenie TVN24.<\/p>\n<p>&#8211; Ciesz\u0119 si\u0119 najbardziej z tego, \u017ce uda\u0142o mi si\u0119 zaprosi\u0107 samego Gorbaczowa, kt&oacute;ry po raz pierwszy tak dog\u0142\u0119bnie i szczeg&oacute;\u0142owo opowiada sam swoj\u0105 histori\u0119 &#8211; tak o filmie &#8222;Michai\u0142 Gorbaczow &#8211; cz\u0142owiek, kt&oacute;ry zmieni\u0142 \u015bwiat&#8221; wypowiada\u0142a si\u0119 Ewa Ewart w grudniu ubieg\u0142ego roku, podczas programu &#8222;Dzie\u0144 dobry TVN&#8221;.<\/p>\n<p>&#8211; film &#8222;W milczeniu&#8221; jest to spojrzenie rok po katastrofie z punktu widzenia rodzin tych os&oacute;b, kt&oacute;re zosta\u0142y. To co urzek\u0142o wielu w tym filmie, to osobisty w\u0105tek &#8211; m&oacute;wi\u0142a Ewa Ewart w TVN24.<\/p>\n<p>Oba dokumenty by\u0142y emitowane na antenie TVN24.&nbsp;Nagrody zostan\u0105 wr\u0119czone 9 maja br. w Hamburgu.<\/p>\n","protected":false},"excerpt":{"rendered":"Dokument Ewy Ewart &#8222;Michai\u0142 Gorbaczow &#8211; cz\u0142owiek, kt&oacute;ry zmieni\u0142 \u015bwiat&#8221; okaza\u0142 si\u0119 najlepszy w kategorii &#8222;Film dokumentalny &#8211; biografia&#8221;. Natomiast film &#8222;W milczeniu&#8221; wygra\u0142 w kategorii &#8222;Film dokumentalny &#8211; polityczny&#8221;.","protected":false},"author":1,"featured_media":7217,"comment_status":"open","ping_status":"closed","sticky":false,"template":"","format":"standard","meta":{"csco_display_header_overlay":false,"csco_singular_sidebar":"","csco_page_header_type":"","csco_page_load_nextpost":"","csco_post_video_location":[],"csco_post_video_location_hash":"","csco_post_video_url":"","csco_post_video_bg_start_time":0,"csco_post_video_bg_end_time":0,"footnotes":""},"categories":[9670],"tags":[],"class_list":{"0":"post-7216","1":"post","2":"type-post","3":"status-publish","4":"format-standard","5":"has-post-thumbnail","7":"category-tv","8":"cs-entry","9":"cs-video-wrap"},"_links":{"self":[{"href":"https:\/\/mediarun.com\/pl\/wp-json\/wp\/v2\/posts\/7216","targetHints":{"allow":["GET"]}}],"collection":[{"href":"https:\/\/mediarun.com\/pl\/wp-json\/wp\/v2\/posts"}],"about":[{"href":"https:\/\/mediarun.com\/pl\/wp-json\/wp\/v2\/types\/post"}],"author":[{"embeddable":true,"href":"https:\/\/mediarun.com\/pl\/wp-json\/wp\/v2\/users\/1"}],"replies":[{"embeddable":true,"href":"https:\/\/mediarun.com\/pl\/wp-json\/wp\/v2\/comments?post=7216"}],"version-history":[{"count":0,"href":"https:\/\/mediarun.com\/pl\/wp-json\/wp\/v2\/posts\/7216\/revisions"}],"wp:featuredmedia":[{"embeddable":true,"href":"https:\/\/mediarun.com\/pl\/wp-json\/wp\/v2\/media\/7217"}],"wp:attachment":[{"href":"https:\/\/mediarun.com\/pl\/wp-json\/wp\/v2\/media?parent=7216"}],"wp:term":[{"taxonomy":"category","embeddable":true,"href":"https:\/\/mediarun.com\/pl\/wp-json\/wp\/v2\/categories?post=7216"},{"taxonomy":"post_tag","embeddable":true,"href":"https:\/\/mediarun.com\/pl\/wp-json\/wp\/v2\/tags?post=7216"}],"curies":[{"name":"wp","href":"https:\/\/api.w.org\/{rel}","templated":true}]}}