{"id":72143,"date":"2006-09-08T06:00:00","date_gmt":"2006-09-08T04:00:00","guid":{"rendered":"https:\/\/mediarun.com\/index.php\/news-posts\/jesienne-zmiany-w-4fun-tv\/"},"modified":"2006-09-08T06:00:00","modified_gmt":"2006-09-08T04:00:00","slug":"jesienne-zmiany-w-4fun-tv","status":"publish","type":"post","link":"https:\/\/mediarun.com\/pl\/media\/tv\/jesienne-zmiany-w-4fun-tv.html","title":{"rendered":"Jesienne zmiany w 4fun.tv"},"content":{"rendered":"<p><P>S\u0105 to m.in.: &#8222;Czat z gwiazd\u0105&#8221; &#8211; czyli wywiady ze znanymi osobisto\u015bciami szeroko pojmowanego show-biznesu. Gwiazdy b\u0119dzie mo\u017cna obejrze\u0107 w telewizji na \u017cywo, ze studia 4fun.tv, a tak\u017ce za pomoc\u0105 telefon\u00f3w kom\u00f3rkowych w spos\u00f3b interaktywny. Program pojawia\u0107 si\u0119 b\u0119dzie na antenie stacji w ka\u017cdy wtorek o godz. 17. <\/P><br \/>\n<P>&#8222;Parszywa 13&#8221;, pozycja znana telewidzom, zmienia formu\u0142\u0119 &#8211; podczas audycji na \u017cywo widzowie b\u0119d\u0105 mogli zadzwoni\u0107 do prowadz\u0105cego Andrzeja Szajewskiego, aby porozmawia\u0107 i skomentowa\u0107 wybrany utw\u00f3r. W czasie trwania programu odbywa\u0107 si\u0119 b\u0119dzie g\u0142osowanie na teledyski, kt\u00f3re zdaniem widowni zas\u0142uguj\u0105 na miano najbardziej parszywych. Program b\u0119dzie nadawany w czwartki o 17. <\/P><br \/>\n<P>&#8222;Skr\u0119\u0107 co\u015b&#8221;&nbsp;to program relacjonuj\u0105cy wydarzenia kulturalne w kraju i za granic\u0105. W ramach audycji rusza tak\u017ce II edycja konkursu o tej samej nazwie, obejmuj\u0105cego trzy kategorie: film, animacj\u0119 i fotografi\u0119. Wszystkie nades\u0142ane przez widz\u00f3w prace s\u0105 dost\u0119pne w serwisie skreccos.4fun.tv. Swoj\u0105 premier\u0119 &#8222;Skr\u0119\u0107 co\u015b&#8221; b\u0119dzie mia\u0142o w poniedzia\u0142ki, \u015brody i czwartki o godz.&nbsp;<\/P><br \/>\n<P>Do ekipy 4fun.tv do\u0142\u0105czy\u0142y w ostatnim czasie&nbsp;dwie osoby. Aleks Brejnak obj\u0105\u0142 stanowisko dyrektora produkcji, natomiast Andrzej Ignatowski zostanie jej nowym dyrektorem muzycznym. <\/P><\/p>\n","protected":false},"excerpt":{"rendered":"Wraz z pocz\u0105tkiem jesieni muzyczna stacja 4fun.tv wprowadzi\u0142a do ram\u00f3wki nowe programy, emitowane na \u017cywo.","protected":false},"author":1,"featured_media":72144,"comment_status":"open","ping_status":"closed","sticky":false,"template":"","format":"standard","meta":{"csco_display_header_overlay":false,"csco_singular_sidebar":"","csco_page_header_type":"","csco_page_load_nextpost":"","csco_post_video_location":[],"csco_post_video_location_hash":"","csco_post_video_url":"","csco_post_video_bg_start_time":0,"csco_post_video_bg_end_time":0,"footnotes":""},"categories":[9670],"tags":[1094,980],"class_list":{"0":"post-72143","1":"post","2":"type-post","3":"status-publish","4":"format-standard","5":"has-post-thumbnail","7":"category-tv","8":"tag-4fun-tv","9":"tag-ramowka","10":"cs-entry","11":"cs-video-wrap"},"_links":{"self":[{"href":"https:\/\/mediarun.com\/pl\/wp-json\/wp\/v2\/posts\/72143","targetHints":{"allow":["GET"]}}],"collection":[{"href":"https:\/\/mediarun.com\/pl\/wp-json\/wp\/v2\/posts"}],"about":[{"href":"https:\/\/mediarun.com\/pl\/wp-json\/wp\/v2\/types\/post"}],"author":[{"embeddable":true,"href":"https:\/\/mediarun.com\/pl\/wp-json\/wp\/v2\/users\/1"}],"replies":[{"embeddable":true,"href":"https:\/\/mediarun.com\/pl\/wp-json\/wp\/v2\/comments?post=72143"}],"version-history":[{"count":0,"href":"https:\/\/mediarun.com\/pl\/wp-json\/wp\/v2\/posts\/72143\/revisions"}],"wp:featuredmedia":[{"embeddable":true,"href":"https:\/\/mediarun.com\/pl\/wp-json\/wp\/v2\/media\/72144"}],"wp:attachment":[{"href":"https:\/\/mediarun.com\/pl\/wp-json\/wp\/v2\/media?parent=72143"}],"wp:term":[{"taxonomy":"category","embeddable":true,"href":"https:\/\/mediarun.com\/pl\/wp-json\/wp\/v2\/categories?post=72143"},{"taxonomy":"post_tag","embeddable":true,"href":"https:\/\/mediarun.com\/pl\/wp-json\/wp\/v2\/tags?post=72143"}],"curies":[{"name":"wp","href":"https:\/\/api.w.org\/{rel}","templated":true}]}}