{"id":72099,"date":"2006-09-10T18:08:54","date_gmt":"2006-09-10T16:08:54","guid":{"rendered":"https:\/\/mediarun.com\/index.php\/news-posts\/nowa-akcja-radia-plus-opole\/"},"modified":"2006-09-10T18:08:54","modified_gmt":"2006-09-10T16:08:54","slug":"nowa-akcja-radia-plus-opole","status":"publish","type":"post","link":"https:\/\/mediarun.com\/pl\/media\/radio\/nowa-akcja-radia-plus-opole.html","title":{"rendered":"Nowa akcja Radia Plus Opole"},"content":{"rendered":"<p>Autobus &#8211; tzw. &#8216;Og\u00f3rek&#8217; &#8211; odwiedzi sze\u015b\u0107 miast Opolszczyzny: Opole (19 wrze\u015bnia), Strzelce Opolskie (19 wrze\u015bnia), Nysa (20 wrze\u015bnia), Kluczbork (21 wrze\u015bnia), Brzeg (22 wrze\u015bnia) i K\u0119dzierzyn &#8211; Ko\u017ale (23 wrze\u015bnia).<\/p>\n<p><?plik(5051,'center','Og\u00f3rek Radia Plus')?><\/p>\n<p>W &#8216;Og\u00f3rku&#8217; rol\u0119 konduktor\u00f3w b\u0119d\u0105 pe\u0142ni\u0107 hostessy, kt\u00f3re wr\u0119cz\u0105 podr\u00f3\u017cuj\u0105cym pami\u0105tkowe bilety. Bilety b\u0119d\u0105 jednocze\u015bnie kuponami bior\u0105cymi udzia\u0142 w losowaniu nagr\u00f3d. Losowanie zostanie przeprowadzone w dniach trwania imprezy o gody. 17:30. Do wygrania b\u0119d\u0105 m.in. przejazdy do Niemiec, Anglii, Holandii, sprz\u0119t TV, akcesoria komputerowe oraz ksi\u0105\u017cki.<\/p>\n<p>We wn\u0119trzu &#8216;Og\u00f3rka&#8217; mo\u017cna b\u0119dzie s\u0142ucha\u0107 audycji Radia Plus. Tym samym pasa\u017cerowie b\u0119d\u0105 mieli okazj\u0119 dowiedzie\u0107 si\u0119, o czym m\u00f3wi\u0105 reporterzy, znajduj\u0105cy si\u0119 w tym samym czasie na rynku miasta.<\/p>\n<p>Przyczepa &#8216;Og\u00f3rka&#8217; w godzinach porannych ustawiona zostanie na rynku, gdzie b\u0119dzie zainstalowane studio Radia Plus. Ze specjalnego studia emitowane b\u0119d\u0105 rozmowy z zaproszonymi go\u015b\u0107mi oraz relacje z bie\u017c\u0105cych wydarze\u0144. <\/p>\n<p>Do plenerowego studia Radia Plus b\u0119d\u0105 mogli przychodzi\u0107 s\u0142uchacze i przekazywa\u0107 pozdrowienia.<\/p>\n","protected":false},"excerpt":{"rendered":"Radio Plus Opole przygotowa\u0142o now\u0105 akcj\u0119 &#8216;Og\u00f3rkiem po \u015al\u0105sku Opolskim&#8217;, kt\u00f3ra zostanie przeprowadzona mi\u0119dzy 18 a 23 wrze\u015bnia w sze\u015bciu miastach Opolszczyzny. Celem projektu jest promowanie ciekawych miejsc, os\u00f3b i firm \u015al\u0105ska Opolskiego.","protected":false},"author":1,"featured_media":72100,"comment_status":"open","ping_status":"closed","sticky":false,"template":"","format":"standard","meta":{"csco_display_header_overlay":false,"csco_singular_sidebar":"","csco_page_header_type":"","csco_page_load_nextpost":"","csco_post_video_location":[],"csco_post_video_location_hash":"","csco_post_video_url":"","csco_post_video_bg_start_time":0,"csco_post_video_bg_end_time":0,"footnotes":""},"categories":[9672],"tags":[],"class_list":{"0":"post-72099","1":"post","2":"type-post","3":"status-publish","4":"format-standard","5":"has-post-thumbnail","7":"category-radio","8":"cs-entry","9":"cs-video-wrap"},"_links":{"self":[{"href":"https:\/\/mediarun.com\/pl\/wp-json\/wp\/v2\/posts\/72099","targetHints":{"allow":["GET"]}}],"collection":[{"href":"https:\/\/mediarun.com\/pl\/wp-json\/wp\/v2\/posts"}],"about":[{"href":"https:\/\/mediarun.com\/pl\/wp-json\/wp\/v2\/types\/post"}],"author":[{"embeddable":true,"href":"https:\/\/mediarun.com\/pl\/wp-json\/wp\/v2\/users\/1"}],"replies":[{"embeddable":true,"href":"https:\/\/mediarun.com\/pl\/wp-json\/wp\/v2\/comments?post=72099"}],"version-history":[{"count":0,"href":"https:\/\/mediarun.com\/pl\/wp-json\/wp\/v2\/posts\/72099\/revisions"}],"wp:featuredmedia":[{"embeddable":true,"href":"https:\/\/mediarun.com\/pl\/wp-json\/wp\/v2\/media\/72100"}],"wp:attachment":[{"href":"https:\/\/mediarun.com\/pl\/wp-json\/wp\/v2\/media?parent=72099"}],"wp:term":[{"taxonomy":"category","embeddable":true,"href":"https:\/\/mediarun.com\/pl\/wp-json\/wp\/v2\/categories?post=72099"},{"taxonomy":"post_tag","embeddable":true,"href":"https:\/\/mediarun.com\/pl\/wp-json\/wp\/v2\/tags?post=72099"}],"curies":[{"name":"wp","href":"https:\/\/api.w.org\/{rel}","templated":true}]}}