{"id":72097,"date":"2006-09-10T18:09:01","date_gmt":"2006-09-10T16:09:01","guid":{"rendered":"https:\/\/mediarun.com\/index.php\/news-posts\/7-dni-swiat-przeniesione-do-regionalnej-trojki\/"},"modified":"2006-09-10T18:09:01","modified_gmt":"2006-09-10T16:09:01","slug":"7-dni-swiat-przeniesione-do-regionalnej-trojki","status":"publish","type":"post","link":"https:\/\/mediarun.com\/pl\/media\/tv\/7-dni-swiat-przeniesione-do-regionalnej-trojki.html","title":{"rendered":"&#8216;7 dni \u015bwiat&#8217; przeniesione do regionalnej Tr\u00f3jki"},"content":{"rendered":"<p>Formu\u0142a programu nie ulegnie zasadniczym zmianom. &#8211; Uwa\u017cam j\u0105 za dobr\u0105. Zmienianie czegokolwiek dla samych zmian nie ma sensu &#8211; t\u0142umaczy nam Turski. &#8211; Jednak na \u017cyczenie nowego kierownictwa TVP poszerz\u0119 grono komentator\u00f3w. Cz\u0119\u015bciej te\u017c b\u0119d\u0105 zapraszani eksperci, ale nie politycy &#8211; dodaje.<\/p>\n<p>Minimalnie zmieni si\u0119 scenografia, kt\u00f3ra zostanie dostosowana do skromnych warunk\u00f3w studyjnych, bowiem od pa\u017adziernika &#8216;7 dni \u015bwiat&#8217; b\u0119dzie nadawane z cz\u0119\u015bci studia Panoramy.<\/p>\n<p>Magazyn na antenie TVP3 zadebiutowa\u0142 10 wrze\u015bnia. Emitowany b\u0119dzie w ka\u017cd\u0105 niedziel\u0119 o 11:45 (premiera) i 23:30 (powt\u00f3rka).<\/p>\n","protected":false},"excerpt":{"rendered":"Nadawany od 17 lat na antenie telewizji publicznej magazyn &#8216;7 dni \u015bwiat&#8217; zosta\u0142 przeniesiony z TVP2 do TVP3. &#8211; Uznano, \u017ce &#8216;7 dni&#8217; b\u0119dzie dobrze pasowa\u0142o do nowej Tr\u00f3jki, kt\u00f3ra ma by\u0107 informacyjnym kana\u0142em telewizji publicznej &#8211; wyja\u015bnia nam powody zmiany anteny, Andrzej Turski, prowadz\u0105cy magazyn.","protected":false},"author":1,"featured_media":72098,"comment_status":"open","ping_status":"closed","sticky":false,"template":"","format":"standard","meta":{"csco_display_header_overlay":false,"csco_singular_sidebar":"","csco_page_header_type":"","csco_page_load_nextpost":"","csco_post_video_location":[],"csco_post_video_location_hash":"","csco_post_video_url":"","csco_post_video_bg_start_time":0,"csco_post_video_bg_end_time":0,"footnotes":""},"categories":[9670],"tags":[],"class_list":{"0":"post-72097","1":"post","2":"type-post","3":"status-publish","4":"format-standard","5":"has-post-thumbnail","7":"category-tv","8":"cs-entry","9":"cs-video-wrap"},"_links":{"self":[{"href":"https:\/\/mediarun.com\/pl\/wp-json\/wp\/v2\/posts\/72097","targetHints":{"allow":["GET"]}}],"collection":[{"href":"https:\/\/mediarun.com\/pl\/wp-json\/wp\/v2\/posts"}],"about":[{"href":"https:\/\/mediarun.com\/pl\/wp-json\/wp\/v2\/types\/post"}],"author":[{"embeddable":true,"href":"https:\/\/mediarun.com\/pl\/wp-json\/wp\/v2\/users\/1"}],"replies":[{"embeddable":true,"href":"https:\/\/mediarun.com\/pl\/wp-json\/wp\/v2\/comments?post=72097"}],"version-history":[{"count":0,"href":"https:\/\/mediarun.com\/pl\/wp-json\/wp\/v2\/posts\/72097\/revisions"}],"wp:featuredmedia":[{"embeddable":true,"href":"https:\/\/mediarun.com\/pl\/wp-json\/wp\/v2\/media\/72098"}],"wp:attachment":[{"href":"https:\/\/mediarun.com\/pl\/wp-json\/wp\/v2\/media?parent=72097"}],"wp:term":[{"taxonomy":"category","embeddable":true,"href":"https:\/\/mediarun.com\/pl\/wp-json\/wp\/v2\/categories?post=72097"},{"taxonomy":"post_tag","embeddable":true,"href":"https:\/\/mediarun.com\/pl\/wp-json\/wp\/v2\/tags?post=72097"}],"curies":[{"name":"wp","href":"https:\/\/api.w.org\/{rel}","templated":true}]}}