{"id":72081,"date":"2006-09-11T06:00:00","date_gmt":"2006-09-11T04:00:00","guid":{"rendered":"https:\/\/mediarun.com\/index.php\/news-posts\/telewizja-poprawia-film-po-protestach-clintona\/"},"modified":"2006-09-11T06:00:00","modified_gmt":"2006-09-11T04:00:00","slug":"telewizja-poprawia-film-po-protestach-clintona","status":"publish","type":"post","link":"https:\/\/mediarun.com\/pl\/inne\/telewizja-poprawia-film-po-protestach-clintona.html","title":{"rendered":"Telewizja poprawia film po protestach Clintona"},"content":{"rendered":"<p><P>by\u0142ego prezydenta Billa Clintona i jego wsp\u00f3\u0142pracownik\u00f3w, kt\u00f3rzy zarzucili tw\u00f3rcom nies\u0142uszne oskar\u017canie go o zlekcewa\u017cenie gro\u017aby Al-Kaidy.<\/P><br \/>\n<P>Film ma by\u0107 wyemitowany w niedziel\u0119 i poniedzia\u0142ek, w 5. rocznic\u0119 zamachu. Clinton i solidaryzuj\u0105cy si\u0119 z nim Demokraci za\u017c\u0105dali nawet wycofania filmu z programu. Krajowy Komitet Partii Demokratycznej zebra\u0142 w tej sprawie ponad 100 000 podpis\u00f3w.<\/P><br \/>\n<P>Telewizja ABC planuje &#8211; jak poinformowa\u0142 jej przedstawiciel &#8211; raczej drobne poprawki. Wprowadza si\u0119 je na wniosek wsp\u00f3\u0142producenta, Thomasa Keana, by\u0142ego republika\u0144skiego gubernatora stanu New Jersey, kt\u00f3ry by\u0142 tak\u017ce wsp\u00f3\u0142przewodnicz\u0105cym specjalnej dwupartyjnej komisji do zbadania przyczyn nieprzygotowania rz\u0105du na atak 11 wrze\u015bnia.<\/P><br \/>\n<P>Krytycy filmu &#8222;The Path to 9\/11&#8221; (Droga do 11 wrze\u015bnia) twierdz\u0105, \u017ce zniekszta\u0142ca on prawd\u0119 historyczn\u0105, sugeruj\u0105c, \u017ce \u00f3wczesny rz\u0105d m\u00f3g\u0142 zlikwidowa\u0107 Osam\u0119 bin Ladena, ale tego nie zrobi\u0142.<\/P><br \/>\n<P>Film &#8211; b\u0119d\u0105cy fabularn\u0105 rekonstrukcj\u0105 prawdziwych wydarze\u0144 &#8211; stawia tez\u0119, \u017ce Clinton by\u0142 tak zaabsorbowany skandalem z Monic\u0105 Lewinsky i gro\u017c\u0105cym mu zdj\u0119ciem z urz\u0119du przez Kongres, \u017ce ba\u0142 si\u0119 zaryzykowa\u0107 wydanie rozkazu zabicia przyw\u00f3dcy Al-Kaidy, kt\u00f3ry ukrywa\u0142 si\u0119 w Afganistanie.<\/P><br \/>\n<P>W jednej ze scen specjalista ds. walki z terroryzmem w administracji Clintona, Richard A.Clarke &#8211; p\u00f3\u017aniej krytyk prezydenta Busha &#8211; m\u00f3wi do agenta FBI Johna P. O&#8217;Neilla, \u017ce &#8222;nie wyobra\u017ca sobie, \u017ceby w klimacie gro\u017c\u0105cego prezydentowi impeachmentu ryzykowa\u0142 on&#8221; rozkaz zamordowania bin Ladena. O&#8217;Neill odpowiada, \u017ce &#8222;jest to \u017ca\u0142osne&#8221;.<\/P><br \/>\n<P>Realizatorzy filmu opierali si\u0119 m.in. na raporcie specjalnej dwupartyjnej komisji ds. 11 wrze\u015bnia. Obro\u0144cy Clintona zwracaj\u0105 jednak uwag\u0119, \u017ce w raporcie nie ma dowodu, by skandal &#8222;Monicagate&#8221; odegra\u0142 jak\u0105\u015b rol\u0119 w fiasku ataku rakietowego na bazy Al-Kaidy w Afganistanie w sierpniu 1998 r. W tym czasie prokurator Starr oskar\u017ca\u0142 prezydenta o krzywoprzysi\u0119stwo.<\/P><br \/>\n<P>Oburzona jest tak\u017ce by\u0142a sekretarz stanu Madeleine Albright i by\u0142y doradca Clintona ds. bezpiecze\u0144stwa narodowego Sandy Berger. Tego ostatniego pokazano w filmie, jak nie pozwala agentom CIA zabi\u0107 Osamy bin Ladena wiosn\u0105 1998 r., chocia\u017c szef Al-Kaidy zosta\u0142 ju\u017c przez nich namierzony.<\/P><br \/>\n<P>Berger stanowczo zaprzecza i podkre\u015bla, \u017ce ani on, ani Clinton nigdy nie odrzucili wniosku CIA, albo wojska, aby zabi\u0107 bin Ladena. Komisja ds. 11 wrze\u015bnia ustali\u0142a, \u017ce CIA nie by\u0142a gotowa do takiej operacji, poniewa\u017c jej \u00f3wczesny dyrektor George Tenet uzna\u0142, \u017ce nie ma ona szans powodzenia.<\/P><br \/>\n<P>Tenet pozosta\u0142 szefem CIA za prezydentury George&#8217;a W. Busha i zosta\u0142 zwolniony dopiero po kilku latach jego rz\u0105d\u00f3w.<\/P><br \/>\n<P>Albright ma pretensje do realizator\u00f3w &#8222;The Path to 9\/11&#8221;, \u017ce wed\u0142ug nich zawiadomi\u0142a Pakistan o planowanym ataku na bazy Al- Kaidy w Afganistanie w sierpniu 1998 r., chocia\u017c Tenet jej to odradza\u0142. By\u0142a szefowa dyplomacji twierdzi, \u017ce nic takiego nie mia\u0142o miejsca. Na rzekom\u0105 rozmow\u0119 nie ma dowod\u00f3w w raporcie komisji ds. 11 wrze\u015bnia.<\/P><br \/>\n<P>Chocia\u017c jednym z producent\u00f3w filmu by\u0142 wspomniany republika\u0144ski polityk Thomas Kean, wsp\u00f3\u0142przewodnicz\u0105cy komisji ds. 11 wrze\u015bnia, realizatorzy w ABC nie zatrudnili \u017cadnego demokratycznego cz\u0142onka tej komisji.<\/P><br \/>\n<P>Scenarzysta filmu, Cyrus Nowrasteh, to przyjaciel znanego ultrakonserwatywnego komentatora telewizyjnego Rusha Limbaugh, idola prawicy.<\/P><br \/>\n<P>Telewizja ABC t\u0142umaczy si\u0119, \u017ce film jest &#8222;fabularn\u0105 fikcj\u0105&#8221; i dlatego zawiera pewne sceny, kt\u00f3re nigdy si\u0119 nie wydarzy\u0142y. Twierdzi jednak, \u017ce film w zasadzie oddaje prawd\u0119 historyczn\u0105.<\/P><\/p>\n","protected":false},"excerpt":{"rendered":"Telewizja ABC zamierza wprowadzi\u0107 poprawki do swojego filmu o kulisach ataku 11 wrze\u015bnia 2001, po protestach&#8230;","protected":false},"author":1,"featured_media":72082,"comment_status":"open","ping_status":"closed","sticky":false,"template":"","format":"standard","meta":{"csco_display_header_overlay":false,"csco_singular_sidebar":"","csco_page_header_type":"","csco_page_load_nextpost":"","csco_post_video_location":[],"csco_post_video_location_hash":"","csco_post_video_url":"","csco_post_video_bg_start_time":0,"csco_post_video_bg_end_time":0,"footnotes":""},"categories":[47],"tags":[],"class_list":{"0":"post-72081","1":"post","2":"type-post","3":"status-publish","4":"format-standard","5":"has-post-thumbnail","7":"category-inne","8":"cs-entry","9":"cs-video-wrap"},"_links":{"self":[{"href":"https:\/\/mediarun.com\/pl\/wp-json\/wp\/v2\/posts\/72081","targetHints":{"allow":["GET"]}}],"collection":[{"href":"https:\/\/mediarun.com\/pl\/wp-json\/wp\/v2\/posts"}],"about":[{"href":"https:\/\/mediarun.com\/pl\/wp-json\/wp\/v2\/types\/post"}],"author":[{"embeddable":true,"href":"https:\/\/mediarun.com\/pl\/wp-json\/wp\/v2\/users\/1"}],"replies":[{"embeddable":true,"href":"https:\/\/mediarun.com\/pl\/wp-json\/wp\/v2\/comments?post=72081"}],"version-history":[{"count":0,"href":"https:\/\/mediarun.com\/pl\/wp-json\/wp\/v2\/posts\/72081\/revisions"}],"wp:featuredmedia":[{"embeddable":true,"href":"https:\/\/mediarun.com\/pl\/wp-json\/wp\/v2\/media\/72082"}],"wp:attachment":[{"href":"https:\/\/mediarun.com\/pl\/wp-json\/wp\/v2\/media?parent=72081"}],"wp:term":[{"taxonomy":"category","embeddable":true,"href":"https:\/\/mediarun.com\/pl\/wp-json\/wp\/v2\/categories?post=72081"},{"taxonomy":"post_tag","embeddable":true,"href":"https:\/\/mediarun.com\/pl\/wp-json\/wp\/v2\/tags?post=72081"}],"curies":[{"name":"wp","href":"https:\/\/api.w.org\/{rel}","templated":true}]}}