{"id":72064,"date":"2006-09-11T06:00:00","date_gmt":"2006-09-11T04:00:00","guid":{"rendered":"https:\/\/mediarun.com\/index.php\/news-posts\/kurski-zamiast-gawryluk-w-tok-fm\/"},"modified":"2006-09-11T06:00:00","modified_gmt":"2006-09-11T04:00:00","slug":"kurski-zamiast-gawryluk-w-tok-fm","status":"publish","type":"post","link":"https:\/\/mediarun.com\/pl\/ludzie\/awanse\/kurski-zamiast-gawryluk-w-tok-fm.html","title":{"rendered":"Kurski zamiast Gawryluk w TOK FM"},"content":{"rendered":"<p>Kurski w czasach PRL dzia\u0142a\u0142 opozycji demokratycznej. Nale\u017ca\u0142 do Ruchu M\u0142odej Polski, publikowa\u0142 w prasie podziemnej. Redagowa\u0142 Biuletyn Informacyjny Solidarno\u015bci. W 1988 zosta\u0142 korespondentem hiszpa\u0144skiej agencji EFE, pracowa\u0142 w Tygodniku Gda\u0144skim.<BR><BR>Od stycznia 1992 jest dziennikarzem Gazety Wyborczej, pracuje w dziale publicystyki. W latach 1994-1997 prowadzi\u0142 Rozmowy Jedynki w TVP.<BR><BR>Jest autorem pierwszej biografii Kuriera z Warszawy- Jan Nowak-Jeziora\u0144ski, biografii Raymonda AronaPok\u00f3j z widokiem na histori\u0119, a tak\u017ce ksi\u0105\u017cki o Lechu Wa\u0142\u0119sie W\u00f3dz.<BR><\/p>\n","protected":false},"excerpt":{"rendered":"Od 20 wrze\u015bnia \u015brodowe wydanie Poranka Radia TOK FM poprowadzi Jaros\u0142aw Kurski &#8211; dziennikarz i publicysta. Kurski zast\u0105pi Dorot\u0119 Gawryluk.","protected":false},"author":1,"featured_media":0,"comment_status":"open","ping_status":"closed","sticky":false,"template":"","format":"standard","meta":{"csco_display_header_overlay":false,"csco_singular_sidebar":"","csco_page_header_type":"","csco_page_load_nextpost":"","csco_post_video_location":[],"csco_post_video_location_hash":"","csco_post_video_url":"","csco_post_video_bg_start_time":0,"csco_post_video_bg_end_time":0,"footnotes":""},"categories":[9678],"tags":[2639],"class_list":{"0":"post-72064","1":"post","2":"type-post","3":"status-publish","4":"format-standard","6":"category-awanse","7":"tag-dorota-gawryluk","8":"cs-entry","9":"cs-video-wrap"},"_links":{"self":[{"href":"https:\/\/mediarun.com\/pl\/wp-json\/wp\/v2\/posts\/72064","targetHints":{"allow":["GET"]}}],"collection":[{"href":"https:\/\/mediarun.com\/pl\/wp-json\/wp\/v2\/posts"}],"about":[{"href":"https:\/\/mediarun.com\/pl\/wp-json\/wp\/v2\/types\/post"}],"author":[{"embeddable":true,"href":"https:\/\/mediarun.com\/pl\/wp-json\/wp\/v2\/users\/1"}],"replies":[{"embeddable":true,"href":"https:\/\/mediarun.com\/pl\/wp-json\/wp\/v2\/comments?post=72064"}],"version-history":[{"count":0,"href":"https:\/\/mediarun.com\/pl\/wp-json\/wp\/v2\/posts\/72064\/revisions"}],"wp:attachment":[{"href":"https:\/\/mediarun.com\/pl\/wp-json\/wp\/v2\/media?parent=72064"}],"wp:term":[{"taxonomy":"category","embeddable":true,"href":"https:\/\/mediarun.com\/pl\/wp-json\/wp\/v2\/categories?post=72064"},{"taxonomy":"post_tag","embeddable":true,"href":"https:\/\/mediarun.com\/pl\/wp-json\/wp\/v2\/tags?post=72064"}],"curies":[{"name":"wp","href":"https:\/\/api.w.org\/{rel}","templated":true}]}}