{"id":72031,"date":"2006-09-11T18:29:15","date_gmt":"2006-09-11T16:29:15","guid":{"rendered":"https:\/\/mediarun.com\/index.php\/news-posts\/nowa-osoba-w-agencji-kolektyw\/"},"modified":"2006-09-11T18:29:15","modified_gmt":"2006-09-11T16:29:15","slug":"nowa-osoba-w-agencji-kolektyw","status":"publish","type":"post","link":"https:\/\/mediarun.com\/pl\/marketing\/atl\/nowa-osoba-w-agencji-kolektyw.html","title":{"rendered":"Nowa osoba w Agencji Kolektyw"},"content":{"rendered":"<p>&#8211; Powi\u0119kszenie naszego zespo\u0142u o tak\u0105 specjalistk\u0119, jak\u0105 jest Agata, wynika ze sta\u0142ego i konsekwentnego rozwoju agencji. D\u0105\u017cymy do wzmocnienia dzia\u0142alno\u015bci i obs\u0142ugi klient\u00f3w utrzymanej na najwy\u017cszym poziomie &#8211; m\u00f3wi Piotr Piwocki, wsp\u00f3\u0142w\u0142a\u015bciciel Agencji Kolektyw.<\/p>\n<p>Agata Kiersztyn przesz\u0142a z IQ Marketing, gdzie zajmowa\u0142a si\u0119 projektami dla firmy Unilever. <\/p>\n","protected":false},"excerpt":{"rendered":"W zwi\u0105zku ze stale rosn\u0105cym portfolio Agencji Kolektyw z pocz\u0105tkiem wrze\u015bnia br. do dotychczasowego zespo\u0142u do\u0142\u0105czyla nowa osoba &#8211; Agata Kiersztyn. Obj\u0119\u0142a ona stanowisko art directora.","protected":false},"author":1,"featured_media":0,"comment_status":"open","ping_status":"closed","sticky":false,"template":"","format":"standard","meta":{"csco_display_header_overlay":false,"csco_singular_sidebar":"","csco_page_header_type":"","csco_page_load_nextpost":"","csco_post_video_location":[],"csco_post_video_location_hash":"","csco_post_video_url":"","csco_post_video_bg_start_time":0,"csco_post_video_bg_end_time":0,"footnotes":""},"categories":[9642],"tags":[],"class_list":{"0":"post-72031","1":"post","2":"type-post","3":"status-publish","4":"format-standard","6":"category-atl","7":"cs-entry","8":"cs-video-wrap"},"_links":{"self":[{"href":"https:\/\/mediarun.com\/pl\/wp-json\/wp\/v2\/posts\/72031","targetHints":{"allow":["GET"]}}],"collection":[{"href":"https:\/\/mediarun.com\/pl\/wp-json\/wp\/v2\/posts"}],"about":[{"href":"https:\/\/mediarun.com\/pl\/wp-json\/wp\/v2\/types\/post"}],"author":[{"embeddable":true,"href":"https:\/\/mediarun.com\/pl\/wp-json\/wp\/v2\/users\/1"}],"replies":[{"embeddable":true,"href":"https:\/\/mediarun.com\/pl\/wp-json\/wp\/v2\/comments?post=72031"}],"version-history":[{"count":0,"href":"https:\/\/mediarun.com\/pl\/wp-json\/wp\/v2\/posts\/72031\/revisions"}],"wp:attachment":[{"href":"https:\/\/mediarun.com\/pl\/wp-json\/wp\/v2\/media?parent=72031"}],"wp:term":[{"taxonomy":"category","embeddable":true,"href":"https:\/\/mediarun.com\/pl\/wp-json\/wp\/v2\/categories?post=72031"},{"taxonomy":"post_tag","embeddable":true,"href":"https:\/\/mediarun.com\/pl\/wp-json\/wp\/v2\/tags?post=72031"}],"curies":[{"name":"wp","href":"https:\/\/api.w.org\/{rel}","templated":true}]}}