{"id":7202,"date":"2012-04-02T15:00:19","date_gmt":"2012-04-02T13:00:19","guid":{"rendered":"https:\/\/mediarun.com\/index.php\/news-posts\/zrob-sobie-radio-konkurs-programu-1\/"},"modified":"2012-04-02T15:00:19","modified_gmt":"2012-04-02T13:00:19","slug":"zrob-sobie-radio-konkurs-programu-1","status":"publish","type":"post","link":"https:\/\/mediarun.com\/pl\/media\/radio\/zrob-sobie-radio-konkurs-programu-1.html","title":{"rendered":"&#8222;Zr\u00f3b sobie radio&#8221; &#8211; konkurs Programu 1"},"content":{"rendered":"<p>Konkurs zwi\u0105zany jest z 16. Piknikiem Naukowym Polskiego Radia i Centrum Nauki Kopernik.<\/p>\n<p>Uczestnicy konkursu maj\u0105 za zadanie skonstruowa\u0107 radio, zainspirowane tematem przewodnim tegorocznego Pikniku, czyli &#8222;Energi\u0105&#8221;. Odbiornik musi odbiera\u0107 modulacj\u0105 amplitudy (AM), czyli w zasadzie na falach d\u0142ugich, ewentualnie \u015brednich czy kr&oacute;tkich. U\u017cycie techniki przy konstruowaniu radia jest dowolne, a odbiornik powinien by\u0107 bezpieczny w u\u017cytkowaniu.<\/p>\n<p>Zg\u0142oszenia zawieraj\u0105ce 2 zdj\u0119cia (jedno ze schematem technicznym radia, drugie przedstawiaj\u0105ce jego wygl\u0105d) oraz ok. 30-sekundowy filmik w formacie MP4 (potwierdzaj\u0105cy, \u017ce odbiornik dzia\u0142a), nale\u017cy sk\u0142ada\u0107 za pomoc\u0105 formularza dost\u0119pnego na stronie jedynka.polskieradio.pl\/zrobsobieradio. Dziennikarze Programu 1 b\u0119d\u0105 opowiada\u0107 o projektach s\u0142uchaczy od poniedzia\u0142ku do pi\u0105tku po godz. 17:15, w audycji &#8222;Popo\u0142udnie z Jedynk\u0105&#8221;.<\/p>\n<p>W jury oceniaj\u0105cym prace konkursowe zasiadaj\u0105, m.in.: Dorota Truszczak &#8211; kierownik Dzia\u0142u Wiedzy i Spo\u0142ecze\u0144stwa Programu 1 (przewodnicz\u0105ca), S\u0142awomir Assendi &#8211; zast\u0119pca dyrektora radiowej Jedynki.<\/p>\n<p>Jurorzy wybior\u0105 spo\u015br&oacute;d zg\u0142osze\u0144 pi\u0119\u0107 najciekawszych i zaprosz\u0105 ich autor&oacute;w, aby wraz ze swoimi konstrukcjami pojawili si\u0119 na 16. Pikniku Naukowym w namiocie Polskiego Radia.<\/p>\n<p>Wy\u0142onienie zwyci\u0119zcy nast\u0105pi 12 maja br. na scenie g\u0142&oacute;wnej Pikniku, przed godz. 12:00. Nagrod\u0105 g\u0142&oacute;wn\u0105 b\u0119dzie radio cyfrowe ufundowane przez Polskie Radio. Pozosta\u0142e cztery osoby otrzymaj\u0105 gad\u017cety Programu 1 oraz vouchery do Centrum Nauki Kopernik. Nagrodzone prace zostan\u0105 zaprezentowane na stronie internetowej Programu 1 Polskiego Radia po 12 maja.<\/p>\n<p>Konkurs &#8222;Zr&oacute;b sobie radio&#8221; rozpocznie si\u0119 2 kwietna ok. godz. 17:15 w audycji &#8222;Popo\u0142udnie z Jedynk\u0105&#8221;. Zg\u0142oszenia b\u0119d\u0105 przyjmowane do 30 kwietnia br., do p&oacute;\u0142nocy. Nagrod\u0105 g\u0142&oacute;wn\u0105 b\u0119dzie radio cyfrowe.<\/p>\n<p>Regulamin konkursu b\u0119dzie mo\u017cna znale\u017a\u0107 na stronie <a rel=\"nofollow noopener\" href=\"http:\/\/www.polskieradio.pl\/7\/2032\" target=\"_blank\">jedynka.polskieradio.pl\/zrobsobieradio<\/a>.<\/p>\n<p>16. Piknik Naukowy Polskiego Radia i Centrum Nauki Kopernik odb\u0119dzie si\u0119 12 maja br. w Parku Marsza\u0142ka Edwarda Rydza-\u015amig\u0142ego na warszawskim Powi\u015blu, w godz. 11:00 &#8211; 20:00. Tematem przewodnim imprezy jest &#8222;Energia&#8221;.<\/p>\n","protected":false},"excerpt":{"rendered":"12 maja br. na warszawskim Powi\u015blu odb\u0119dzie si\u0119 impreza plenerowa popularyzuj\u0105ca nauk\u0119. A od 2 kwietnia br. na antenie radiowej Jedynki rusza konkurs&nbsp;&#8222;Zr&oacute;b sobie radio&#8221;.","protected":false},"author":1,"featured_media":7203,"comment_status":"open","ping_status":"closed","sticky":false,"template":"","format":"standard","meta":{"csco_display_header_overlay":false,"csco_singular_sidebar":"","csco_page_header_type":"","csco_page_load_nextpost":"","csco_post_video_location":[],"csco_post_video_location_hash":"","csco_post_video_url":"","csco_post_video_bg_start_time":0,"csco_post_video_bg_end_time":0,"footnotes":""},"categories":[9672],"tags":[430,405],"class_list":{"0":"post-7202","1":"post","2":"type-post","3":"status-publish","4":"format-standard","5":"has-post-thumbnail","7":"category-radio","8":"tag-konkurs","9":"tag-polskie-radio","10":"cs-entry","11":"cs-video-wrap"},"_links":{"self":[{"href":"https:\/\/mediarun.com\/pl\/wp-json\/wp\/v2\/posts\/7202","targetHints":{"allow":["GET"]}}],"collection":[{"href":"https:\/\/mediarun.com\/pl\/wp-json\/wp\/v2\/posts"}],"about":[{"href":"https:\/\/mediarun.com\/pl\/wp-json\/wp\/v2\/types\/post"}],"author":[{"embeddable":true,"href":"https:\/\/mediarun.com\/pl\/wp-json\/wp\/v2\/users\/1"}],"replies":[{"embeddable":true,"href":"https:\/\/mediarun.com\/pl\/wp-json\/wp\/v2\/comments?post=7202"}],"version-history":[{"count":0,"href":"https:\/\/mediarun.com\/pl\/wp-json\/wp\/v2\/posts\/7202\/revisions"}],"wp:featuredmedia":[{"embeddable":true,"href":"https:\/\/mediarun.com\/pl\/wp-json\/wp\/v2\/media\/7203"}],"wp:attachment":[{"href":"https:\/\/mediarun.com\/pl\/wp-json\/wp\/v2\/media?parent=7202"}],"wp:term":[{"taxonomy":"category","embeddable":true,"href":"https:\/\/mediarun.com\/pl\/wp-json\/wp\/v2\/categories?post=7202"},{"taxonomy":"post_tag","embeddable":true,"href":"https:\/\/mediarun.com\/pl\/wp-json\/wp\/v2\/tags?post=7202"}],"curies":[{"name":"wp","href":"https:\/\/api.w.org\/{rel}","templated":true}]}}