{"id":72015,"date":"2006-09-12T06:00:00","date_gmt":"2006-09-12T04:00:00","guid":{"rendered":"https:\/\/mediarun.com\/index.php\/news-posts\/raczynska-zastapi-wildsteina\/"},"modified":"2006-09-12T06:00:00","modified_gmt":"2006-09-12T04:00:00","slug":"raczynska-zastapi-wildsteina","status":"publish","type":"post","link":"https:\/\/mediarun.com\/pl\/media\/tv\/raczynska-zastapi-wildsteina.html","title":{"rendered":"Raczy\u0144ska zast\u0105pi Wildsteina?"},"content":{"rendered":"<p><P>jeden z cz\u0142onk\u00f3w rady nadzorczej TVP.<\/P><br \/>\n<P>&#8211; Pad\u0142o to latem, podczas zamieszania wok\u00f3\u0142 prezesa, gdy rada mia\u0142a g\u0142osowa\u0107 nad wnioskiem o jego odwo\u0142anie. Wniosek przepad\u0142, pytanie o ewentualn\u0105 zamian\u0119 zosta\u0142o &#8211; dodaje rozm\u00f3wca dziennika.<\/P><br \/>\n<P>Dymisji Wildsteina domagaj\u0105 si\u0119 LPR i Samoobrona niezadowolone z tego, jak s\u0105 pokazywane w TVP, i z tego, \u017ce prezes blokuje nominacje ich ludzi na stanowiska w telewizji publicznej. Rzecznik PiS europose\u0142 Adam Bielan potwierdza, \u017ce zesz\u0142ym tygodniu podczas wewn\u0119trznej narady premier Kaczy\u0144ski m\u00f3wi\u0142, \u017ce Samoobrona \u017c\u0105da g\u0142owy Wildsteina, ale zapewnia\u0142, \u017ce PiS nie ust\u0105pi w tej sprawie. Cho\u0107 Bielan nie ukrywa, \u017ce PiS te\u017c ma zastrze\u017cenia do sposobu, w jaki TVP o niej informuje &#8211; pisze gazeta.<\/P><br \/>\n<P>Wygl\u0105da na to, \u017ce je\u015bli PiS ulegnie, to najpowa\u017cniejszym kandydatem tej partii na miejsce Wildsteina mog\u0142aby by\u0107 szefowa telewizyjnej Jedynki Ma\u0142gorzata Raczy\u0144ska.<\/P><br \/>\n<P>Raczy\u0144ska za poprzedniego prezesa TVP Jana Dworaka pracowa\u0142a w redakcji publicystyki TVP1. Fotel dyrektora &#8222;Jedynki&#8221; zawdzi\u0119cza poparciu braci Kaczy\u0144skich, z kt\u00f3rymi jest od dawna blisko zwi\u0105zana, o czym sama wspomina publicznie.<\/P><br \/>\n<P>Wildstein, by dosta\u0107 zgod\u0119 Jaros\u0142awa Kaczy\u0144skiego na obj\u0119cie fotela prezesa TVP, musia\u0142 Program I odda\u0107 w\u0142a\u015bnie Raczy\u0144skiej.<\/P><br \/>\n<P>Wed\u0142ug nieoficjalnych informacji latem chcia\u0142 j\u0105 odwo\u0142a\u0107, m.in. dlatego, \u017ce nie zgadza\u0142a si\u0119 na proponowan\u0105 przez Wildsteina nominacj\u0119 Andrzeja Mietkowskiego na szefa Telewizyjnej Agencji Informacyjnej. Traci\u0142a przez to kontrol\u0119 nad &#8222;Wiadomo\u015bciami&#8221;. Jednak to starcie Wildstein wygra\u0142 i to jego zaufany cz\u0142owiek &#8211; Mietkowski &#8211; jest szefem TAI.<\/P><\/p>\n","protected":false},"excerpt":{"rendered":"&#8211; Pad\u0142o sonda\u017cowe pytanie, czy w g\u0142osowaniu b\u0119d\u0119 za odwo\u0142aniem prezesa TVP Wildsteina i powo\u0142aniem na jego miejsce Ma\u0142gorzaty Raczy\u0144skiej &#8211; zdradzi\u0142 Gazecie Wyborczej&#8230;","protected":false},"author":1,"featured_media":72016,"comment_status":"open","ping_status":"closed","sticky":false,"template":"","format":"standard","meta":{"csco_display_header_overlay":false,"csco_singular_sidebar":"","csco_page_header_type":"","csco_page_load_nextpost":"","csco_post_video_location":[],"csco_post_video_location_hash":"","csco_post_video_url":"","csco_post_video_bg_start_time":0,"csco_post_video_bg_end_time":0,"footnotes":""},"categories":[9670],"tags":[],"class_list":{"0":"post-72015","1":"post","2":"type-post","3":"status-publish","4":"format-standard","5":"has-post-thumbnail","7":"category-tv","8":"cs-entry","9":"cs-video-wrap"},"_links":{"self":[{"href":"https:\/\/mediarun.com\/pl\/wp-json\/wp\/v2\/posts\/72015","targetHints":{"allow":["GET"]}}],"collection":[{"href":"https:\/\/mediarun.com\/pl\/wp-json\/wp\/v2\/posts"}],"about":[{"href":"https:\/\/mediarun.com\/pl\/wp-json\/wp\/v2\/types\/post"}],"author":[{"embeddable":true,"href":"https:\/\/mediarun.com\/pl\/wp-json\/wp\/v2\/users\/1"}],"replies":[{"embeddable":true,"href":"https:\/\/mediarun.com\/pl\/wp-json\/wp\/v2\/comments?post=72015"}],"version-history":[{"count":0,"href":"https:\/\/mediarun.com\/pl\/wp-json\/wp\/v2\/posts\/72015\/revisions"}],"wp:featuredmedia":[{"embeddable":true,"href":"https:\/\/mediarun.com\/pl\/wp-json\/wp\/v2\/media\/72016"}],"wp:attachment":[{"href":"https:\/\/mediarun.com\/pl\/wp-json\/wp\/v2\/media?parent=72015"}],"wp:term":[{"taxonomy":"category","embeddable":true,"href":"https:\/\/mediarun.com\/pl\/wp-json\/wp\/v2\/categories?post=72015"},{"taxonomy":"post_tag","embeddable":true,"href":"https:\/\/mediarun.com\/pl\/wp-json\/wp\/v2\/tags?post=72015"}],"curies":[{"name":"wp","href":"https:\/\/api.w.org\/{rel}","templated":true}]}}