{"id":72004,"date":"2006-09-12T06:00:00","date_gmt":"2006-09-12T04:00:00","guid":{"rendered":"https:\/\/mediarun.com\/index.php\/news-posts\/obudzic-sluchacza\/"},"modified":"2006-09-12T06:00:00","modified_gmt":"2006-09-12T04:00:00","slug":"obudzic-sluchacza","status":"publish","type":"post","link":"https:\/\/mediarun.com\/pl\/ludzie\/awanse\/obudzic-sluchacza.html","title":{"rendered":"Obudzi\u0107 s\u0142uchacza"},"content":{"rendered":"<p><P class=pytanie>Rz: Powiedzia\u0142 pan w jednym z wywiad\u00f3w, \u017ce niekt\u00f3re pomys\u0142y Radia Maryja warto zaadaptowa\u0107 na potrzeby Jedynki. Jedynka ma kilkana\u015bcie procent s\u0142uchalno\u015bci, Radio Maryja &#8211; oko\u0142o dw\u00f3ch. Nadal pan uwa\u017ca, \u017ce to dobry trop? <\/P><br \/>\n<P><SPAN class=rozmowca>Marcin Wolski: <\/SPAN>Jeszcze mniejszym powodzeniem cieszy si\u0119 TOK FM, a jednak si\u0142a jego oddzia\u0142ywania na ludzi inteligentnych jest znacz\u0105ca. Je\u017celi ma\u0142y sklep wprowadza ciekawy rodzaj stoiska, dlaczego tego pomys\u0142u nie przenie\u015b\u0107 do supermarketu? Radio Maryja ma grup\u0119 gor\u0105cych fan\u00f3w. My mamy ch\u0142odnych. W czasie wakacji troch\u0119 ich podgrzewamy &#8222;Latem z radiem&#8221;, jednak nie s\u0105 to ludzie, kt\u00f3rzy mog\u0105 wyj\u015b\u0107 na ulice i skandowa\u0107 np.: &#8222;Da\u0107 pieni\u0105dze Jedynce na s\u0142uchowiska i pensje dyrektor\u00f3w&#8221;. <\/P><br \/>\n<P class=pytanie>To mog\u0142oby nie spodoba\u0107 si\u0119 tym, kt\u00f3rzy zdecydowali o pana nominacji. <\/P><br \/>\n<P>Nie robi\u0119 fetyszu z niezale\u017cno\u015bci, ale postaram si\u0119 nie dopu\u015bci\u0107, \u017ceby kto\u015b wk\u0142ada\u0142 palec w to, co robi\u0119. Kiedy nagrywa\u0142em w telewizji &#8222;Polskie zoo&#8221;, zdarza\u0142y si\u0119 naciski, ale nie uleg\u0142em \u017cadnemu. Teraz prowadz\u0119 instytucj\u0119 publicznego zaufania z namaszczenia nowej w\u0142adzy i nie widz\u0119 powodu do konflikt\u00f3w, bo wiele z tego, co ona proponuje, nale\u017cy do mojego \u015bwiata idei. <\/P><br \/>\n<P class=pytanie>Co konkretnie? <\/P><br \/>\n<P>Jestem cz\u0142owiekiem usposobionym patriotycznie i racja stanu jest dla mnie nadrz\u0119dna. Przy ca\u0142ym szacunku dla zdolno\u015bci rysownika Marka Raczkowskiego nie w\u0142o\u017cy\u0142bym polskiej flagi w psi\u0105 kup\u0119. Za dobrych, przedwojennych czas\u00f3w takich ludzi bra\u0142o si\u0119 za mord\u0119 i wyrzuca\u0142o raz na zawsze z towarzystwa. Kibicuj\u0119 takim projektom jak lustracja i oczyszczenie naszego \u017cycia z wszelkich patologii, wreszcie jestem konserwatyst\u0105 i uwa\u017cam, \u017ce cz\u0142owiek nie rodzi si\u0119 z natury dobry. Kszta\u0142tuj\u0105 go spo\u0142ecze\u0144stwo, prawo, w\u0142adza, szko\u0142a, Ko\u015bci\u00f3\u0142. Wiele zale\u017cy od tego, czy zdobywa si\u0119 wiedz\u0119 na podw\u00f3rku, czy np. &#8211; jak w moim przypadku &#8211; w znakomitych \u015brodowiskach Wydzia\u0142u Historycznego UW i kabaretu Pod Egid\u0105. <\/P><br \/>\n<P class=pytanie>\u015awiat pana idei to tak\u017ce Samoobrona? Przed pi\u0119cioma laty na pytanie o Andrzeja Leppera odpowiedzia\u0142 pan: &#8222;Z ogrodem zoologicznym rozsta\u0142em si\u0119 ju\u017c dawno&#8221;. <\/P><br \/>\n<P>Podtrzymuj\u0119 to, aczkolwiek jako obserwator sceny politycznej jestem zaskoczony ewolucj\u0105 pana Leppera. Gdyby\u015bmy w innych partiach mieli przyw\u00f3dc\u00f3w r\u00f3wnie szybko wyczuwaj\u0105cych nastroje spo\u0142eczne, nie by\u0142oby \u017ale. Odczuwam pewien dyskomfort z powodu kszta\u0142tu koalicji, ale nie jest to dyskomfort s\u0142onia jad\u0105cego na wrotkach. <\/P><br \/>\n<P class=pytanie>Zaaklimatyzowa\u0142 si\u0119 pan ju\u017c w nowym gabinecie? <\/P><br \/>\n<P>My\u015bl\u0119, \u017ce tak. Szczerze m\u00f3wi\u0105c, by\u0142em bardzo zestresowany przez pierwsze dni, mia\u0142em trudno\u015bci ze spaniem, zacz\u0105\u0142em je\u017adzi\u0107 na rowerze, \u017ceby to jako\u015b przem\u00f3c. W tej chwili nabieram ju\u017c pewnej rutyny. Pozna\u0142em program, nazwiska wsp\u00f3\u0142pracownik\u00f3w przesta\u0142y mnie zaskakiwa\u0107. Wiem, co chcia\u0142bym zrobi\u0107 do ko\u0144ca roku. Oczywi\u015bcie, co rusz pojawia si\u0119 jaka\u015b przeszkoda, ale jestem cz\u0142owiekiem czynu, wi\u0119c nie dramatyzuj\u0119. <\/P><br \/>\n<P class=pytanie>Nie szkoda zdrowia? <\/P><br \/>\n<P>W moim \u017cyciu zawsze splata\u0142y si\u0119 trzy w\u0105tki. Pierwszy, najbardziej znany, to kabaretowo-radiowy. Bardzo przyjemna \u015bcie\u017cka i pozwalaj\u0105ca wy\u017cy\u0107. Drugi w\u0105tek, dla mnie najwa\u017cniejszy, to pisarstwo, kt\u00f3re daje mn\u00f3stwo satysfakcji, ale wy\u017cy\u0107 si\u0119 z niego nie da. Wreszcie trzeci &#8211; obywatelski. Zarazi\u0142em si\u0119 tym ju\u017c w szkole, bo zamiast uczy\u0107 si\u0119 przyk\u0142adnie, nosi\u0142o mnie, \u017ceby robi\u0107 spektakle, kabarety, szopki. <\/P><br \/>\n<P class=pytanie>A teraz musi pan satyr\u0119 zawiesi\u0107 na ko\u0142ku. <\/P><br \/>\n<P>Absolutnie nie. Zachowuj\u0105c odpowiednie proporcje: je\u017celi Andre Malraux zosta\u0142 za de Gaulle&#8217;a ministrem kultury, to czy przesta\u0142 by\u0107 pisarzem? Nie widz\u0119 powodu, \u017ceby rezygnowa\u0107 z pisania felietonik\u00f3w i recenzji ksi\u0105\u017ckowych. Pensja dyrektorska nie jest ma\u0142a, ale to nie kontrakt gwiazdorski. Z rado\u015bci\u0105 przyj\u0105\u0142em propozycj\u0119 Bronis\u0142awa Wildsteina, \u017cebym wsp\u00f3lnie z Maciejem Rybi\u0144skim stworzy\u0142 serial komediowy. Mam na to weekendy. <\/P><br \/>\n<P class=pytanie>W weekendy Jedynka nie b\u0119dzie nadawa\u0107? <\/P><br \/>\n<P>Jest kilku ludzi, kt\u00f3rzy monitoruj\u0105 program, wi\u0119c nie musz\u0119 s\u0142ucha\u0107 go na okr\u0105g\u0142o. <\/P><br \/>\n<P class=pytanie>Wracaj\u0105c do skanduj\u0105cych s\u0142uchaczy: o pensji ju\u017c pan opowiedzia\u0142, a co ze s\u0142uchowiskami? <\/P><br \/>\n<P>Chcia\u0142bym nadawa\u0107 je codziennie &#8211; od poniedzia\u0142ku do pi\u0105tku. Musimy by\u0107 nowoczesnym radiem, wi\u0119c nadal nie b\u0119d\u0105 przekracza\u0107 p\u00f3\u0142 godziny. Inna sprawa, \u017ce pasmo teatralne bywa\u0142o momentami &#8222;przegi\u0119te&#8221; w stron\u0119 poezji. Zale\u017cy mi, by obok arcydzie\u0142 pojawia\u0142y si\u0119 w nim tak\u017ce dzie\u0142a popularne: krymina\u0142y, horrory, melodramaty, s\u0142uchowiska faktu. <\/P><br \/>\n<P class=pytanie>Od kiedy? <\/P><br \/>\n<P>Od 1 pa\u017adziernika, je\u017celi znajd\u0105 si\u0119 pieni\u0105dze. Je\u017celi nie, to trzeba b\u0119dzie skorygowa\u0107 plany i oszcz\u0119dza\u0107 na publicystyce. Wbrew pozorom mamy pewne rezerwy finansowe. Chc\u0119 te\u017c wprowadzi\u0107 nowy cykl audycji nocnych. Nie tylko o cierpieniu czy bezsenno\u015bci. Marz\u0105 mi si\u0119 np. noce z dreszczykiem, prowadzone przez m\u0142odych scenarzyst\u00f3w i reporta\u017cyst\u00f3w. <\/P><br \/>\n<P class=pytanie>My\u015bli pan, \u017ce trafi\u0105 w potrzeby s\u0142uchaczy Jedynki &#8211; w wi\u0119kszo\u015bci ludzi starszych? <\/P><br \/>\n<P>To ma by\u0107 radio wielopokoleniowe. Trzeba obudzi\u0107 starszego s\u0142uchacza. <\/P><br \/>\n<P class=pytanie>A je\u015bli po przebudzeniu zmieni stacj\u0119? <\/P><br \/>\n<P>Nie bardzo ma na jak\u0105. <\/P><br \/>\n<P class=pytanie>Co z pana autorsk\u0105 audycj\u0105 &#8222;Zsyp&#8221;? <\/P><br \/>\n<P>To rozrywka dobrej marki, wi\u0119c trzeba j\u0105 utrzyma\u0107. I mam nadziej\u0119, \u017ce b\u0119dzie trwa\u0142a dwa razy d\u0142u\u017cej ni\u017c obecne p\u00f3\u0142 godziny, ale dopiero od nowego roku. Sam nie anga\u017cuj\u0119 si\u0119 ju\u017c jako re\u017cyser czy wykonawca. Zwr\u00f3ci\u0142em si\u0119 z pro\u015bb\u0105 o pomoc do mojego znakomitego kolegi z Tr\u00f3jki &#8211; Stefana Friedmana, kt\u00f3ry stworzy\u0142 ciekaw\u0105 radiow\u0105 par\u0119 z Markiem \u0141awrynowiczem. Ja tylko podrzucam im pomys\u0142y i dyskretnie udzielam poparcia. <\/P><\/p>\n","protected":false},"excerpt":{"rendered":"Dyrektor radiowej Jedynki: Nie robi\u0119 fetyszu z niezale\u017cno\u015bci","protected":false},"author":1,"featured_media":0,"comment_status":"open","ping_status":"closed","sticky":false,"template":"","format":"standard","meta":{"csco_display_header_overlay":false,"csco_singular_sidebar":"","csco_page_header_type":"","csco_page_load_nextpost":"","csco_post_video_location":[],"csco_post_video_location_hash":"","csco_post_video_url":"","csco_post_video_bg_start_time":0,"csco_post_video_bg_end_time":0,"footnotes":""},"categories":[9678],"tags":[],"class_list":{"0":"post-72004","1":"post","2":"type-post","3":"status-publish","4":"format-standard","6":"category-awanse","7":"cs-entry","8":"cs-video-wrap"},"_links":{"self":[{"href":"https:\/\/mediarun.com\/pl\/wp-json\/wp\/v2\/posts\/72004","targetHints":{"allow":["GET"]}}],"collection":[{"href":"https:\/\/mediarun.com\/pl\/wp-json\/wp\/v2\/posts"}],"about":[{"href":"https:\/\/mediarun.com\/pl\/wp-json\/wp\/v2\/types\/post"}],"author":[{"embeddable":true,"href":"https:\/\/mediarun.com\/pl\/wp-json\/wp\/v2\/users\/1"}],"replies":[{"embeddable":true,"href":"https:\/\/mediarun.com\/pl\/wp-json\/wp\/v2\/comments?post=72004"}],"version-history":[{"count":0,"href":"https:\/\/mediarun.com\/pl\/wp-json\/wp\/v2\/posts\/72004\/revisions"}],"wp:attachment":[{"href":"https:\/\/mediarun.com\/pl\/wp-json\/wp\/v2\/media?parent=72004"}],"wp:term":[{"taxonomy":"category","embeddable":true,"href":"https:\/\/mediarun.com\/pl\/wp-json\/wp\/v2\/categories?post=72004"},{"taxonomy":"post_tag","embeddable":true,"href":"https:\/\/mediarun.com\/pl\/wp-json\/wp\/v2\/tags?post=72004"}],"curies":[{"name":"wp","href":"https:\/\/api.w.org\/{rel}","templated":true}]}}