{"id":71989,"date":"2006-09-12T10:32:41","date_gmt":"2006-09-12T08:32:41","guid":{"rendered":"https:\/\/mediarun.com\/index.php\/news-posts\/z-panoramy-do-wiadomosci\/"},"modified":"2006-09-12T10:32:41","modified_gmt":"2006-09-12T08:32:41","slug":"z-panoramy-do-wiadomosci","status":"publish","type":"post","link":"https:\/\/mediarun.com\/pl\/media\/tv\/z-panoramy-do-wiadomosci.html","title":{"rendered":"Z Panoramy do Wiadomo\u015bci"},"content":{"rendered":"<p>O zmianach personalnych w programie TVP2 poinformowa\u0142 Dziennik. Zar\u00f3wno Marcin Le\u015bkiewicz, jak i Marcin Szczepa\u0144ski pracuj\u0105 obecnie w &#8216;Panoramie&#8217; TVP2. Pierwszy z nich jest prezenterem, a drugi &#8211; reporterem.<\/p>\n<p>Marcin Szczepa\u0144ski potwierdza doniesienia prasowe, \u017ce ma wzmocni\u0107 &#8216;Wiadomo\u015bci&#8217; TVP1. &#8211; Rzeczywi\u015bcie takie rozmowy od kilku tygodni z osobami odpowiedzialnymi za ten program prowadzi\u0142em &#8211; m\u00f3wi nam dziennikarz.<\/p>\n<p>Reporter &#8216;Panoramy&#8217; w najbli\u017cszych dniach b\u0119dzie jeszcze relacjonowa\u0142 wizyt\u0119 premiera i prezydenta w USA. &#8211; Zgodnie z ustaleniami na nich zako\u0144cz\u0119 swoj\u0105 wsp\u00f3\u0142prac\u0119 z programem informacyjnym TVP2 &#8211; wyja\u015bnia nam Szczepa\u0144ski.<\/p>\n<p>W pierwszym tygodniu pa\u017adziernika prac\u0119 w &#8216;Wiadomo\u015bciach&#8217; TVP1 rozpoczyna Marcin Le\u015bkiewicz. Dziennikarz b\u0119dzie prezenterem i wydawc\u0105 programu. Ma zacz\u0105\u0107 od wyda\u0144 porannych &#8216;Wiadomo\u015bci&#8217;. &#8211; Ale cel to wydanie g\u0142\u00f3wne &#8211; przyznaje Le\u015bkiewicz.<\/p>\n<p>&#8211; Mia\u0142em kilka propozycji pracy, zdecydowa\u0142em si\u0119 na sztandarowy program TVP. Osoby kieruj\u0105ce tym programem zagwarantowa\u0142y mi obiektywizm i profesjonalizm w nowej pracy &#8211; m\u00f3wi nam Le\u015bkiewicz. <\/p>\n<p>Marcin Le\u015bkiewicz ma nadzieje, \u017ce jego do\u015bwiadczenie zawodowe pozwoli mu razem z pracownikami &#8216;Wiadomo\u015bci&#8217; wsp\u00f3\u0142tworzy\u0107 dziennik niezale\u017cny, obiektywny i profesjonalny. &#8211; Bez tego pracy w &#8216;Wiadomo\u015bciach&#8217; sobie nie wyobra\u017cam &#8211; dodaje dziennikarz.<\/p>\n<p>Niedawno do zespo\u0142u &#8216;Wiadomo\u015bci&#8217; do\u0142\u0105czy\u0142 natomiast \u0141ukasz S\u0142apek, by\u0142y dziennikarz &#8216;Fakt\u00f3w&#8217; TVN.<\/p>\n<p>Marcin Szczepa\u0144ski z &#8216;Panoram\u0105&#8217; TVP2 zwi\u0105zany jest od 6 lat. Z kolei Marcin Le\u015bkiewicz do programu do\u0142\u0105czy\u0142 w lutym tego roku. Wcze\u015bniej pracowa\u0142 m.in. w TVN i Radiu Zet.<\/p>\n","protected":false},"excerpt":{"rendered":"Marcin Le\u015bkiewicz i Marcin Szczepa\u0144ski do\u0142\u0105cz\u0105 w najbli\u017cszym czasie do grona pracownik\u00f3w &#8216;Wiadomo\u015bci&#8217; TVP1, kt\u00f3rymi najprawdopodobniej kierowa\u0107 b\u0119dzie Rados\u0142aw Rybi\u0144ski. &#8211; To du\u017ce wyzwanie znale\u017a\u0107 si\u0119 w\u015br\u00f3d tych, kt\u00f3rzy maj\u0105 wzmocni\u0107 zesp\u00f3\u0142 &#8216;Wiadomo\u015bci&#8217; &#8211; uwa\u017ca Szczepa\u0144ski.","protected":false},"author":1,"featured_media":71990,"comment_status":"open","ping_status":"closed","sticky":false,"template":"","format":"standard","meta":{"csco_display_header_overlay":false,"csco_singular_sidebar":"","csco_page_header_type":"","csco_page_load_nextpost":"","csco_post_video_location":[],"csco_post_video_location_hash":"","csco_post_video_url":"","csco_post_video_bg_start_time":0,"csco_post_video_bg_end_time":0,"footnotes":""},"categories":[9670],"tags":[],"class_list":{"0":"post-71989","1":"post","2":"type-post","3":"status-publish","4":"format-standard","5":"has-post-thumbnail","7":"category-tv","8":"cs-entry","9":"cs-video-wrap"},"_links":{"self":[{"href":"https:\/\/mediarun.com\/pl\/wp-json\/wp\/v2\/posts\/71989","targetHints":{"allow":["GET"]}}],"collection":[{"href":"https:\/\/mediarun.com\/pl\/wp-json\/wp\/v2\/posts"}],"about":[{"href":"https:\/\/mediarun.com\/pl\/wp-json\/wp\/v2\/types\/post"}],"author":[{"embeddable":true,"href":"https:\/\/mediarun.com\/pl\/wp-json\/wp\/v2\/users\/1"}],"replies":[{"embeddable":true,"href":"https:\/\/mediarun.com\/pl\/wp-json\/wp\/v2\/comments?post=71989"}],"version-history":[{"count":0,"href":"https:\/\/mediarun.com\/pl\/wp-json\/wp\/v2\/posts\/71989\/revisions"}],"wp:featuredmedia":[{"embeddable":true,"href":"https:\/\/mediarun.com\/pl\/wp-json\/wp\/v2\/media\/71990"}],"wp:attachment":[{"href":"https:\/\/mediarun.com\/pl\/wp-json\/wp\/v2\/media?parent=71989"}],"wp:term":[{"taxonomy":"category","embeddable":true,"href":"https:\/\/mediarun.com\/pl\/wp-json\/wp\/v2\/categories?post=71989"},{"taxonomy":"post_tag","embeddable":true,"href":"https:\/\/mediarun.com\/pl\/wp-json\/wp\/v2\/tags?post=71989"}],"curies":[{"name":"wp","href":"https:\/\/api.w.org\/{rel}","templated":true}]}}