{"id":71987,"date":"2006-09-12T10:49:19","date_gmt":"2006-09-12T08:49:19","guid":{"rendered":"https:\/\/mediarun.com\/index.php\/news-posts\/jesien-w-radiu-pin\/"},"modified":"2006-09-12T10:49:19","modified_gmt":"2006-09-12T08:49:19","slug":"jesien-w-radiu-pin","status":"publish","type":"post","link":"https:\/\/mediarun.com\/pl\/media\/radio\/jesien-w-radiu-pin.html","title":{"rendered":"Jesie\u0144 w Radiu PiN"},"content":{"rendered":"<p>Program &#8216;Ranek na 102&#8217; prowadzi teraz na sta\u0142e Bartek Wejman (w czasie wakacji by\u0142 gospodarzem na zmian\u0119 z Rafa\u0142em Turowskim). W pi\u0105tki w pa\u015bmie porannym Szymon Ho\u0142ownia b\u0119dzie przygotowywa\u0142 subiektywny przegl\u0105d prasy w ramach cyklu &#8216;V kolumna&#8217;.<\/p>\n<p>Jesienna ram\u00f3wka wzbogacona jest r\u00f3wnie\u017c o now\u0105 audycj\u0119 Magdy Juszczyk i Ma\u0107ka Ulewicza. B\u0119dzie to cotygodniowy magazyn kulturalny Radia PiN &#8216;Pi\u0119kni i bestie&#8217;. Audycja pojawi si\u0119 we wtorki wieczorem i b\u0119dzie mia\u0142a charakter radiowego talk &#8211; show z zapraszanymi go\u015b\u0107mi.<\/p>\n<p>Program &#8216;Marketing Mix&#8217; zostanie od\u015bwie\u017cony i b\u0119dzie mia\u0142 nowego autora. Formu\u0142e zmieni r\u00f3wnie\u017c magazyn sportowy &#8216;Out of Routine&#8217;, kt\u00f3rego nowa nazwa brzmi &#8216;Out Of Rutine &#8211; 360\u00b0&#8217;. Program dotychczas porusza\u0142 tematyk\u0119 aktywnego wypoczynku a w szczeg\u00f3lno\u015bci sport\u00f3w ekstremalnych. W nowym wydaniu znajd\u0105 si\u0119 r\u00f3wnie\u017c informacj\u0119 dla zwolennik\u00f3w sport\u00f3w bardziej &#8216;standardowych&#8217;.<\/p>\n<p>Na sta\u0142e na antenie Radia PiN zzago\u015bci kulinarna audycja Magdy Gessler. Program &#8216;PiN od kuchni &#8211; podr\u00f3\u017ce z Magd\u0105 Gessler&#8217; emitowany b\u0119dzie w niedziele. <\/p>\n<p>Radio PiN od\u015bwie\u017cy brzmienie jingli. Lifting obejmie brzmienie ca\u0142ej oprawy d\u017awi\u0119kowej stacji. Autorem jingli jest Leszek Biolik &#8211; producent, muzyk, by\u0142y basista grupy Republika. <\/p>\n","protected":false},"excerpt":{"rendered":"Radio PiN wprowadza jesienn\u0105 ram\u00f3wk\u0119. Na antenie rozg\u0142o\u015bni pojawi si\u0119 nowa audycja kulturalna. Do grona wsp\u00f3\u0142pracownik\u00f3w stacji do\u0142\u0105czy Szymon Ho\u0142ownia. Niekt\u00f3re programy Radia PiN zmieni\u0105 swoj\u0105 formu\u0142\u0119. Rozg\u0142o\u015bnia od\u015bwie\u017cy r\u00f3wnie\u017c opraw\u0119 d\u017awi\u0119kow\u0105.","protected":false},"author":1,"featured_media":71988,"comment_status":"open","ping_status":"closed","sticky":false,"template":"","format":"standard","meta":{"csco_display_header_overlay":false,"csco_singular_sidebar":"","csco_page_header_type":"","csco_page_load_nextpost":"","csco_post_video_location":[],"csco_post_video_location_hash":"","csco_post_video_url":"","csco_post_video_bg_start_time":0,"csco_post_video_bg_end_time":0,"footnotes":""},"categories":[9672],"tags":[],"class_list":{"0":"post-71987","1":"post","2":"type-post","3":"status-publish","4":"format-standard","5":"has-post-thumbnail","7":"category-radio","8":"cs-entry","9":"cs-video-wrap"},"_links":{"self":[{"href":"https:\/\/mediarun.com\/pl\/wp-json\/wp\/v2\/posts\/71987","targetHints":{"allow":["GET"]}}],"collection":[{"href":"https:\/\/mediarun.com\/pl\/wp-json\/wp\/v2\/posts"}],"about":[{"href":"https:\/\/mediarun.com\/pl\/wp-json\/wp\/v2\/types\/post"}],"author":[{"embeddable":true,"href":"https:\/\/mediarun.com\/pl\/wp-json\/wp\/v2\/users\/1"}],"replies":[{"embeddable":true,"href":"https:\/\/mediarun.com\/pl\/wp-json\/wp\/v2\/comments?post=71987"}],"version-history":[{"count":0,"href":"https:\/\/mediarun.com\/pl\/wp-json\/wp\/v2\/posts\/71987\/revisions"}],"wp:featuredmedia":[{"embeddable":true,"href":"https:\/\/mediarun.com\/pl\/wp-json\/wp\/v2\/media\/71988"}],"wp:attachment":[{"href":"https:\/\/mediarun.com\/pl\/wp-json\/wp\/v2\/media?parent=71987"}],"wp:term":[{"taxonomy":"category","embeddable":true,"href":"https:\/\/mediarun.com\/pl\/wp-json\/wp\/v2\/categories?post=71987"},{"taxonomy":"post_tag","embeddable":true,"href":"https:\/\/mediarun.com\/pl\/wp-json\/wp\/v2\/tags?post=71987"}],"curies":[{"name":"wp","href":"https:\/\/api.w.org\/{rel}","templated":true}]}}