{"id":71952,"date":"2006-09-13T06:00:00","date_gmt":"2006-09-13T04:00:00","guid":{"rendered":"https:\/\/mediarun.com\/index.php\/news-posts\/przetasowania-w-programach-informacyjnych-tvp\/"},"modified":"2006-09-13T06:00:00","modified_gmt":"2006-09-13T04:00:00","slug":"przetasowania-w-programach-informacyjnych-tvp","status":"publish","type":"post","link":"https:\/\/mediarun.com\/pl\/ludzie\/awanse\/przetasowania-w-programach-informacyjnych-tvp.html","title":{"rendered":"Przetasowania w programach informacyjnych TVP"},"content":{"rendered":"<p><P>kt\u00f3ry do\u0142\u0105czy do kierownictwa &#8222;Panoramy&#8221; &#8211; poinformowa\u0142 Press.<\/P><br \/>\n<P>&#8211;&nbsp;Wszystko wskazuje na to, \u017ce Rados\u0142aw Rybi\u0144ski b\u0119dzie kierowa\u0142 &#8222;Wiadomo\u015bciami&#8221; w TVP 1. S\u0105 te\u017c plany, aby jego zast\u0119pc\u0105 zosta\u0142a Ma\u0142gorzata \u0141opi\u0144ska&nbsp;&#8211; powiedzia\u0142 dziennikarzom Press Piotr Legutko, zast\u0119pca dyrektora Agencji Informacji.<\/P><br \/>\n<P>Zesp\u00f3\u0142 dziennikarski &#8222;Wiadomo\u015bci&#8221; wzmocni\u0105 tak\u017ce Marcin Le\u015bkiewicz i Marcin Szczepa\u0144ski, dotychczas wsp\u00f3\u0142pracuj\u0105cy z &#8222;Panoram\u0105&#8221;.<\/P><\/p>\n","protected":false},"excerpt":{"rendered":"Artur Michniewicz zostanie wkr\u00f3tce mianowany szefem &quot;Kuriera&quot; w TVP3. Zast\u0105pi na tym stanowisku Janusza Sejmeja,&#8230;","protected":false},"author":1,"featured_media":71953,"comment_status":"open","ping_status":"closed","sticky":false,"template":"","format":"standard","meta":{"csco_display_header_overlay":false,"csco_singular_sidebar":"","csco_page_header_type":"","csco_page_load_nextpost":"","csco_post_video_location":[],"csco_post_video_location_hash":"","csco_post_video_url":"","csco_post_video_bg_start_time":0,"csco_post_video_bg_end_time":0,"footnotes":""},"categories":[9678],"tags":[],"class_list":{"0":"post-71952","1":"post","2":"type-post","3":"status-publish","4":"format-standard","5":"has-post-thumbnail","7":"category-awanse","8":"cs-entry","9":"cs-video-wrap"},"_links":{"self":[{"href":"https:\/\/mediarun.com\/pl\/wp-json\/wp\/v2\/posts\/71952","targetHints":{"allow":["GET"]}}],"collection":[{"href":"https:\/\/mediarun.com\/pl\/wp-json\/wp\/v2\/posts"}],"about":[{"href":"https:\/\/mediarun.com\/pl\/wp-json\/wp\/v2\/types\/post"}],"author":[{"embeddable":true,"href":"https:\/\/mediarun.com\/pl\/wp-json\/wp\/v2\/users\/1"}],"replies":[{"embeddable":true,"href":"https:\/\/mediarun.com\/pl\/wp-json\/wp\/v2\/comments?post=71952"}],"version-history":[{"count":0,"href":"https:\/\/mediarun.com\/pl\/wp-json\/wp\/v2\/posts\/71952\/revisions"}],"wp:featuredmedia":[{"embeddable":true,"href":"https:\/\/mediarun.com\/pl\/wp-json\/wp\/v2\/media\/71953"}],"wp:attachment":[{"href":"https:\/\/mediarun.com\/pl\/wp-json\/wp\/v2\/media?parent=71952"}],"wp:term":[{"taxonomy":"category","embeddable":true,"href":"https:\/\/mediarun.com\/pl\/wp-json\/wp\/v2\/categories?post=71952"},{"taxonomy":"post_tag","embeddable":true,"href":"https:\/\/mediarun.com\/pl\/wp-json\/wp\/v2\/tags?post=71952"}],"curies":[{"name":"wp","href":"https:\/\/api.w.org\/{rel}","templated":true}]}}