{"id":71910,"date":"2006-09-13T18:38:18","date_gmt":"2006-09-13T16:38:18","guid":{"rendered":"https:\/\/mediarun.com\/index.php\/news-posts\/zmiany-w-gazecie-prawnej-2\/"},"modified":"2006-09-13T18:38:18","modified_gmt":"2006-09-13T16:38:18","slug":"zmiany-w-gazecie-prawnej-2","status":"publish","type":"post","link":"https:\/\/mediarun.com\/pl\/media\/prasa\/zmiany-w-gazecie-prawnej-2.html","title":{"rendered":"Zmiany w Gazecie Prawnej"},"content":{"rendered":"<p>Urszula Grzesik pracuje w Grupie Wydawniczej Infor od lutego br. Wcze\u015bniej przez 8 lat  by\u0142a zatrudniona w Pulsie Biznesu, pocz\u0105tkowo w dziale reklamy jako key account manager, a nast\u0119pnie pe\u0142ni\u0142a funkcj\u0119 dyrektora ds. sprzeda\u017cy w dziale event\u00f3w. <\/p>\n<p>Joanna Krai\u0144ska jest absolwentk\u0105 dziennikarstwa na Uniwersytetu Warszawskiego. Swoj\u0105 karier\u0119 zawodow\u0105 rozpoczyna\u0142a na stanowisku account managera w agencji reklamowej NoS\/ BBDO. Pracowa\u0142a tak\u017ce w polskiej filii koncernu Philip Morris oraz agencji reklamowej Creative Services. W powstaj\u0105cym dziale PR Gazety Prawnej Krai\u0144ska b\u0119dzie odpowiedzialna za wdro\u017cenie i realizacj\u0119 sp\u00f3jnej strategii patronat\u00f3w medialnych oraz promocj\u0119 tytu\u0142u podczas wydarze\u0144 specjalnych. <\/p>\n","protected":false},"excerpt":{"rendered":"Z dniem 11 wrze\u015bnia 2006 r. Centrum Reklamy Gazety Prawnej zostaje przekszta\u0142cone w Biuro Reklamy Gazety Prawnej. Na jego czele stanie Urszula Grzesik, kt\u00f3ra dotychczas pe\u0142ni\u0142a funkcj\u0119 zast\u0119pcy dyrektora Biura Konferencji GP. Z kole pracuj\u0105ca w dziale trade marketingu Biura Reklamy Gazety Prawnej Joanna Krai\u0144ska, do\u0142\u0105czy\u0142a do powstaj\u0105cego zespo\u0142u PR dziennika.","protected":false},"author":1,"featured_media":71911,"comment_status":"open","ping_status":"closed","sticky":false,"template":"","format":"standard","meta":{"csco_display_header_overlay":false,"csco_singular_sidebar":"","csco_page_header_type":"","csco_page_load_nextpost":"","csco_post_video_location":[],"csco_post_video_location_hash":"","csco_post_video_url":"","csco_post_video_bg_start_time":0,"csco_post_video_bg_end_time":0,"footnotes":""},"categories":[9673],"tags":[],"class_list":{"0":"post-71910","1":"post","2":"type-post","3":"status-publish","4":"format-standard","5":"has-post-thumbnail","7":"category-prasa","8":"cs-entry","9":"cs-video-wrap"},"_links":{"self":[{"href":"https:\/\/mediarun.com\/pl\/wp-json\/wp\/v2\/posts\/71910","targetHints":{"allow":["GET"]}}],"collection":[{"href":"https:\/\/mediarun.com\/pl\/wp-json\/wp\/v2\/posts"}],"about":[{"href":"https:\/\/mediarun.com\/pl\/wp-json\/wp\/v2\/types\/post"}],"author":[{"embeddable":true,"href":"https:\/\/mediarun.com\/pl\/wp-json\/wp\/v2\/users\/1"}],"replies":[{"embeddable":true,"href":"https:\/\/mediarun.com\/pl\/wp-json\/wp\/v2\/comments?post=71910"}],"version-history":[{"count":0,"href":"https:\/\/mediarun.com\/pl\/wp-json\/wp\/v2\/posts\/71910\/revisions"}],"wp:featuredmedia":[{"embeddable":true,"href":"https:\/\/mediarun.com\/pl\/wp-json\/wp\/v2\/media\/71911"}],"wp:attachment":[{"href":"https:\/\/mediarun.com\/pl\/wp-json\/wp\/v2\/media?parent=71910"}],"wp:term":[{"taxonomy":"category","embeddable":true,"href":"https:\/\/mediarun.com\/pl\/wp-json\/wp\/v2\/categories?post=71910"},{"taxonomy":"post_tag","embeddable":true,"href":"https:\/\/mediarun.com\/pl\/wp-json\/wp\/v2\/tags?post=71910"}],"curies":[{"name":"wp","href":"https:\/\/api.w.org\/{rel}","templated":true}]}}