{"id":71904,"date":"2006-09-13T19:11:45","date_gmt":"2006-09-13T17:11:45","guid":{"rendered":"https:\/\/mediarun.com\/index.php\/news-posts\/polskie-radio-znow-organizuje-dzien-otwarty\/"},"modified":"2006-09-13T19:11:45","modified_gmt":"2006-09-13T17:11:45","slug":"polskie-radio-znow-organizuje-dzien-otwarty","status":"publish","type":"post","link":"https:\/\/mediarun.com\/pl\/media\/radio\/polskie-radio-znow-organizuje-dzien-otwarty.html","title":{"rendered":"Polskie Radio zn\u00f3w organizuje dzie\u0144 otwarty"},"content":{"rendered":"<p>Poza zwiedzaniem siedziby Polskiego Radia, dla uczestnik\u00f3w dnia otwartego przygotowano tak\u017ce Mini Piknik Naukowy. S\u0142uchacze b\u0119d\u0105 mogli r\u00f3wnie\u017c spr\u00f3bowa\u0107 swoich si\u0142 przy nagrywaniu d\u017awi\u0119k\u00f3w radiowych oraz powiedzie\u0107 kilka s\u0142\u00f3w na antenie og\u00f3lnopolskiej stacji.<\/p>\n","protected":false},"excerpt":{"rendered":"W najbli\u017csz\u0105 niedziel\u0119 ju\u017c po raz si\u00f3dmy odb\u0119dzie si\u0119 dzie\u0144 otwarty Polskiego Radia. S\u0142uchacze b\u0119d\u0105 mogli m.in. zwiedzi\u0107 siedzib\u0119 publicznego radia, zobaczy\u0107 jak powstaj\u0105 audycje radiowe i wiadomo\u015bci w Informacyjnej Agencji Radiowej.","protected":false},"author":1,"featured_media":71905,"comment_status":"open","ping_status":"closed","sticky":false,"template":"","format":"standard","meta":{"csco_display_header_overlay":false,"csco_singular_sidebar":"","csco_page_header_type":"","csco_page_load_nextpost":"","csco_post_video_location":[],"csco_post_video_location_hash":"","csco_post_video_url":"","csco_post_video_bg_start_time":0,"csco_post_video_bg_end_time":0,"footnotes":""},"categories":[9672],"tags":[],"class_list":{"0":"post-71904","1":"post","2":"type-post","3":"status-publish","4":"format-standard","5":"has-post-thumbnail","7":"category-radio","8":"cs-entry","9":"cs-video-wrap"},"_links":{"self":[{"href":"https:\/\/mediarun.com\/pl\/wp-json\/wp\/v2\/posts\/71904","targetHints":{"allow":["GET"]}}],"collection":[{"href":"https:\/\/mediarun.com\/pl\/wp-json\/wp\/v2\/posts"}],"about":[{"href":"https:\/\/mediarun.com\/pl\/wp-json\/wp\/v2\/types\/post"}],"author":[{"embeddable":true,"href":"https:\/\/mediarun.com\/pl\/wp-json\/wp\/v2\/users\/1"}],"replies":[{"embeddable":true,"href":"https:\/\/mediarun.com\/pl\/wp-json\/wp\/v2\/comments?post=71904"}],"version-history":[{"count":0,"href":"https:\/\/mediarun.com\/pl\/wp-json\/wp\/v2\/posts\/71904\/revisions"}],"wp:featuredmedia":[{"embeddable":true,"href":"https:\/\/mediarun.com\/pl\/wp-json\/wp\/v2\/media\/71905"}],"wp:attachment":[{"href":"https:\/\/mediarun.com\/pl\/wp-json\/wp\/v2\/media?parent=71904"}],"wp:term":[{"taxonomy":"category","embeddable":true,"href":"https:\/\/mediarun.com\/pl\/wp-json\/wp\/v2\/categories?post=71904"},{"taxonomy":"post_tag","embeddable":true,"href":"https:\/\/mediarun.com\/pl\/wp-json\/wp\/v2\/tags?post=71904"}],"curies":[{"name":"wp","href":"https:\/\/api.w.org\/{rel}","templated":true}]}}