{"id":71902,"date":"2006-09-13T19:15:42","date_gmt":"2006-09-13T17:15:42","guid":{"rendered":"https:\/\/mediarun.com\/index.php\/news-posts\/bunt-w-radiu-merkury\/"},"modified":"2006-09-13T19:15:42","modified_gmt":"2006-09-13T17:15:42","slug":"bunt-w-radiu-merkury","status":"publish","type":"post","link":"https:\/\/mediarun.com\/pl\/media\/radio\/bunt-w-radiu-merkury.html","title":{"rendered":"Bunt w Radiu Merkury"},"content":{"rendered":"<p>Gazeta Wyborcza relacjonuje, \u017ce pracownicy pozna\u0144skiej stacji wystosowali specjalny protest do sejmowej i senackiej komisji \u015brodk\u00f3w przekazu, KRRiT oraz rady nadzorczej swojego radia. Na blisko 100 pracownik\u00f3w pod listem podpisa\u0142o si\u0119 70. <\/p>\n<p>List jest reakcj\u0105 na wyb\u00f3r do zarz\u0105du Radia Merkury Krzysztofa Musia\u0142a, by\u0142ego pracownika magazynu s\u0142odyczy i sympatyka LRP.<\/p>\n<p>Przeciwko politycznym nominacjom protestuj\u0105 za\u0142ogi tak\u017ce innych rozg\u0142o\u015bni regionalnych, m.in. Radia Kielce, gdzie wiceprezesem zosta\u0142 szef \u015bwi\u0119tokrzyskiej Samoobrony Norbert Gross. Gross chce startowa\u0107 w wyborach na prezydenta Starachowic &#8211; donosi z kolei Rzeczpospolita.<\/p>\n","protected":false},"excerpt":{"rendered":"Pracownicy pozna\u0144skiego Radia Merkury, rozg\u0142o\u015bni regionalnej Polskiego Radia, nie chc\u0105 polityk\u00f3w koalicji w zarz\u0105dzie. &#8211; Nie zgadzamy si\u0119, aby publiczne radio mia\u0142o sta\u0107 si\u0119 \u0142upem politycznym jakiejkolwiek partii &#8211; pisz\u0105 w prote\u015bcie, kt\u00f3rego fragmenty przytacza Gazeta Wyborcza.","protected":false},"author":1,"featured_media":71903,"comment_status":"open","ping_status":"closed","sticky":false,"template":"","format":"standard","meta":{"csco_display_header_overlay":false,"csco_singular_sidebar":"","csco_page_header_type":"","csco_page_load_nextpost":"","csco_post_video_location":[],"csco_post_video_location_hash":"","csco_post_video_url":"","csco_post_video_bg_start_time":0,"csco_post_video_bg_end_time":0,"footnotes":""},"categories":[9672],"tags":[],"class_list":{"0":"post-71902","1":"post","2":"type-post","3":"status-publish","4":"format-standard","5":"has-post-thumbnail","7":"category-radio","8":"cs-entry","9":"cs-video-wrap"},"_links":{"self":[{"href":"https:\/\/mediarun.com\/pl\/wp-json\/wp\/v2\/posts\/71902","targetHints":{"allow":["GET"]}}],"collection":[{"href":"https:\/\/mediarun.com\/pl\/wp-json\/wp\/v2\/posts"}],"about":[{"href":"https:\/\/mediarun.com\/pl\/wp-json\/wp\/v2\/types\/post"}],"author":[{"embeddable":true,"href":"https:\/\/mediarun.com\/pl\/wp-json\/wp\/v2\/users\/1"}],"replies":[{"embeddable":true,"href":"https:\/\/mediarun.com\/pl\/wp-json\/wp\/v2\/comments?post=71902"}],"version-history":[{"count":0,"href":"https:\/\/mediarun.com\/pl\/wp-json\/wp\/v2\/posts\/71902\/revisions"}],"wp:featuredmedia":[{"embeddable":true,"href":"https:\/\/mediarun.com\/pl\/wp-json\/wp\/v2\/media\/71903"}],"wp:attachment":[{"href":"https:\/\/mediarun.com\/pl\/wp-json\/wp\/v2\/media?parent=71902"}],"wp:term":[{"taxonomy":"category","embeddable":true,"href":"https:\/\/mediarun.com\/pl\/wp-json\/wp\/v2\/categories?post=71902"},{"taxonomy":"post_tag","embeddable":true,"href":"https:\/\/mediarun.com\/pl\/wp-json\/wp\/v2\/tags?post=71902"}],"curies":[{"name":"wp","href":"https:\/\/api.w.org\/{rel}","templated":true}]}}