{"id":71891,"date":"2006-09-14T06:00:00","date_gmt":"2006-09-14T04:00:00","guid":{"rendered":"https:\/\/mediarun.com\/index.php\/news-posts\/lada-odchodzi-z-ad-netu\/"},"modified":"2006-09-14T06:00:00","modified_gmt":"2006-09-14T04:00:00","slug":"lada-odchodzi-z-ad-netu","status":"publish","type":"post","link":"https:\/\/mediarun.com\/pl\/ludzie\/awanse\/lada-odchodzi-z-ad-netu.html","title":{"rendered":"\u0141ada odchodzi z Ad.netu"},"content":{"rendered":"<p><P>nowopowstaj\u0105cym biurem reklamy komunikatora Gadu-Gadu. <\/P><br \/>\n<P>Jak wiadomo Ad.net mia\u0142 sw\u00f3j znaczny wk\u0142ad w rozw\u00f3j produktu i firmy Gadu-Gadu. Przedstawiciele obu sp\u00f3\u0142ek zapewniaj\u0105, \u017ce na razie nie ma plan\u00f3w zako\u0144czenia wsp\u00f3\u0142pracy. <\/P><br \/>\n<P>W\u0142a\u015bciciel Gadu-Gadu ma w planach wprowadzenie firmy na gie\u0142dowy parkiet pod koniec tego roku. Gie\u0142dowe zyski sp\u00f3\u0142ka chce przeznaczy\u0107 na sw\u00f3j dalszy rozw\u00f3j. <\/P><\/p>\n","protected":false},"excerpt":{"rendered":"Zwolni\u0142 si\u0119 fotel szefa internetowej sieci reklamowej Ad.net. Pe\u0142ni\u0105cy t\u0119 funkcj\u0119 Krzysztof \u0141ada od przysz\u0142ego miesi\u0105ca zajmie si\u0119&#8230;","protected":false},"author":1,"featured_media":71892,"comment_status":"open","ping_status":"closed","sticky":false,"template":"","format":"standard","meta":{"csco_display_header_overlay":false,"csco_singular_sidebar":"","csco_page_header_type":"","csco_page_load_nextpost":"","csco_post_video_location":[],"csco_post_video_location_hash":"","csco_post_video_url":"","csco_post_video_bg_start_time":0,"csco_post_video_bg_end_time":0,"footnotes":""},"categories":[9678],"tags":[2290],"class_list":{"0":"post-71891","1":"post","2":"type-post","3":"status-publish","4":"format-standard","5":"has-post-thumbnail","7":"category-awanse","8":"tag-ad-net","9":"cs-entry","10":"cs-video-wrap"},"_links":{"self":[{"href":"https:\/\/mediarun.com\/pl\/wp-json\/wp\/v2\/posts\/71891","targetHints":{"allow":["GET"]}}],"collection":[{"href":"https:\/\/mediarun.com\/pl\/wp-json\/wp\/v2\/posts"}],"about":[{"href":"https:\/\/mediarun.com\/pl\/wp-json\/wp\/v2\/types\/post"}],"author":[{"embeddable":true,"href":"https:\/\/mediarun.com\/pl\/wp-json\/wp\/v2\/users\/1"}],"replies":[{"embeddable":true,"href":"https:\/\/mediarun.com\/pl\/wp-json\/wp\/v2\/comments?post=71891"}],"version-history":[{"count":0,"href":"https:\/\/mediarun.com\/pl\/wp-json\/wp\/v2\/posts\/71891\/revisions"}],"wp:featuredmedia":[{"embeddable":true,"href":"https:\/\/mediarun.com\/pl\/wp-json\/wp\/v2\/media\/71892"}],"wp:attachment":[{"href":"https:\/\/mediarun.com\/pl\/wp-json\/wp\/v2\/media?parent=71891"}],"wp:term":[{"taxonomy":"category","embeddable":true,"href":"https:\/\/mediarun.com\/pl\/wp-json\/wp\/v2\/categories?post=71891"},{"taxonomy":"post_tag","embeddable":true,"href":"https:\/\/mediarun.com\/pl\/wp-json\/wp\/v2\/tags?post=71891"}],"curies":[{"name":"wp","href":"https:\/\/api.w.org\/{rel}","templated":true}]}}