{"id":71878,"date":"2006-09-14T06:00:00","date_gmt":"2006-09-14T04:00:00","guid":{"rendered":"https:\/\/mediarun.com\/index.php\/news-posts\/zmiany-personalne-w-gazecie-prawnej-2\/"},"modified":"2006-09-14T06:00:00","modified_gmt":"2006-09-14T04:00:00","slug":"zmiany-personalne-w-gazecie-prawnej-2","status":"publish","type":"post","link":"https:\/\/mediarun.com\/pl\/ludzie\/awanse\/zmiany-personalne-w-gazecie-prawnej-2.html","title":{"rendered":"Zmiany personalne w Gazecie Prawnej"},"content":{"rendered":"<p><P>Dyrektorem przekszta\u0142conego dzia\u0142u zosta\u0142a Urszula Grzesik, pe\u0142ni\u0105ca do tej pory funkcj\u0119 zast\u0119pcy dyrektora Biura Konferencji GP. Wcze\u015bniej przez 8 lat pracowa\u0142a w Pulsie Biznesu, na stanowisku key account managera w dziale reklamy. Dla Grupy Wydawniczej Infor Grzesik pracuje od lutego br.<\/P><br \/>\n<P>Do&nbsp;nowotworzonego zespo\u0142u w dziale PR Gazety Prawnej do\u0142\u0105czy\u0142a natomiast Joanna Krasi\u0144ska, kt\u00f3ra wcze\u015bniej zajmowa\u0142a&nbsp;stanowisko account managera w agencji reklamowej NoS\/ BBDO. W Grupie Wydawniczej&nbsp;Infor zajmowa\u0142a si\u0119 dot\u0105d trade marketingiem. <\/P><br \/>\n<P>Na nowym stanowisku b\u0119dzie ona odpowiada\u0107 za wdro\u017cenie i realizacj\u0119 sp\u00f3jnej strategii patronat\u00f3w medialnych oraz promocj\u0119 tytu\u0142u podczas wydarze\u0144 specjalnych. &nbsp;<\/P><\/p>\n","protected":false},"excerpt":{"rendered":"11 wrze\u015bnia Biuro Reklamy Gazety Prawnej zast\u0105pi\u0142o dotychczasow\u0105 jednostk\u0119 &#8211; Centrum Reklamy, kt\u00f3re ko\u0144czy swoj\u0105 dzia\u0142alno\u015b\u0107.","protected":false},"author":1,"featured_media":71879,"comment_status":"open","ping_status":"closed","sticky":false,"template":"","format":"standard","meta":{"csco_display_header_overlay":false,"csco_singular_sidebar":"","csco_page_header_type":"","csco_page_load_nextpost":"","csco_post_video_location":[],"csco_post_video_location_hash":"","csco_post_video_url":"","csco_post_video_bg_start_time":0,"csco_post_video_bg_end_time":0,"footnotes":""},"categories":[9678],"tags":[],"class_list":{"0":"post-71878","1":"post","2":"type-post","3":"status-publish","4":"format-standard","5":"has-post-thumbnail","7":"category-awanse","8":"cs-entry","9":"cs-video-wrap"},"_links":{"self":[{"href":"https:\/\/mediarun.com\/pl\/wp-json\/wp\/v2\/posts\/71878","targetHints":{"allow":["GET"]}}],"collection":[{"href":"https:\/\/mediarun.com\/pl\/wp-json\/wp\/v2\/posts"}],"about":[{"href":"https:\/\/mediarun.com\/pl\/wp-json\/wp\/v2\/types\/post"}],"author":[{"embeddable":true,"href":"https:\/\/mediarun.com\/pl\/wp-json\/wp\/v2\/users\/1"}],"replies":[{"embeddable":true,"href":"https:\/\/mediarun.com\/pl\/wp-json\/wp\/v2\/comments?post=71878"}],"version-history":[{"count":0,"href":"https:\/\/mediarun.com\/pl\/wp-json\/wp\/v2\/posts\/71878\/revisions"}],"wp:featuredmedia":[{"embeddable":true,"href":"https:\/\/mediarun.com\/pl\/wp-json\/wp\/v2\/media\/71879"}],"wp:attachment":[{"href":"https:\/\/mediarun.com\/pl\/wp-json\/wp\/v2\/media?parent=71878"}],"wp:term":[{"taxonomy":"category","embeddable":true,"href":"https:\/\/mediarun.com\/pl\/wp-json\/wp\/v2\/categories?post=71878"},{"taxonomy":"post_tag","embeddable":true,"href":"https:\/\/mediarun.com\/pl\/wp-json\/wp\/v2\/tags?post=71878"}],"curies":[{"name":"wp","href":"https:\/\/api.w.org\/{rel}","templated":true}]}}