{"id":71871,"date":"2006-09-14T06:00:00","date_gmt":"2006-09-14T04:00:00","guid":{"rendered":"https:\/\/mediarun.com\/index.php\/news-posts\/nagrody-nike-poza-tvp\/"},"modified":"2006-09-14T06:00:00","modified_gmt":"2006-09-14T04:00:00","slug":"nagrody-nike-poza-tvp","status":"publish","type":"post","link":"https:\/\/mediarun.com\/pl\/media\/tv\/nagrody-nike-poza-tvp.html","title":{"rendered":"Nagrody Nike poza TVP"},"content":{"rendered":"<p><P>Decyzj\u0119 w tej sprawie mia\u0142 podj\u0105\u0107 prezes TVP Bronis\u0142aw Wildstein.<\/P><br \/>\n<P>&#8211; Jestem zaskoczona i jest mi przykro &#8211; powiedzia\u0142a Portalowi Ksi\u0119garskiemu Katarzyna Meller, prezes Fundacji Nagrody Literackiej Nike. &#8211; Co roku transmisja si\u0119 odbywa\u0142a, w tym roku mamy jubileusz i producent poinformowa\u0142 nas, \u017ce transmisji nie b\u0119dzie.<\/P><br \/>\n<P>Oficjalnym uzasadnieniem decyzji TVP jest stwierdzenie, \u017ce nie mo\u017cna faworyzowa\u0107 jednej nagrody literackiej spo\u015br\u00f3d wielu innych.<\/P><br \/>\n<P>Skr\u00f3cony do 22 minut zapis relacji z tegorocznej ceremonii wr\u0119czenia nagrody Nike, kt\u00f3ra odb\u0119dzie si\u0119 1 pa\u017adziernika, nada na drugi dzie\u0144 po uroczysto\u015bci 2 pa\u017adziernika telewizja Polsat. <\/P><\/p>\n","protected":false},"excerpt":{"rendered":"Tegoroczna dziesi\u0105ta gala fina\u0142u Nagrody Literackiej NIKE po raz pierwszy nie b\u0119dzie transmitowana przez telewizj\u0119 publiczn\u0105.","protected":false},"author":1,"featured_media":71872,"comment_status":"open","ping_status":"closed","sticky":false,"template":"","format":"standard","meta":{"csco_display_header_overlay":false,"csco_singular_sidebar":"","csco_page_header_type":"","csco_page_load_nextpost":"","csco_post_video_location":[],"csco_post_video_location_hash":"","csco_post_video_url":"","csco_post_video_bg_start_time":0,"csco_post_video_bg_end_time":0,"footnotes":""},"categories":[9670],"tags":[],"class_list":{"0":"post-71871","1":"post","2":"type-post","3":"status-publish","4":"format-standard","5":"has-post-thumbnail","7":"category-tv","8":"cs-entry","9":"cs-video-wrap"},"_links":{"self":[{"href":"https:\/\/mediarun.com\/pl\/wp-json\/wp\/v2\/posts\/71871","targetHints":{"allow":["GET"]}}],"collection":[{"href":"https:\/\/mediarun.com\/pl\/wp-json\/wp\/v2\/posts"}],"about":[{"href":"https:\/\/mediarun.com\/pl\/wp-json\/wp\/v2\/types\/post"}],"author":[{"embeddable":true,"href":"https:\/\/mediarun.com\/pl\/wp-json\/wp\/v2\/users\/1"}],"replies":[{"embeddable":true,"href":"https:\/\/mediarun.com\/pl\/wp-json\/wp\/v2\/comments?post=71871"}],"version-history":[{"count":0,"href":"https:\/\/mediarun.com\/pl\/wp-json\/wp\/v2\/posts\/71871\/revisions"}],"wp:featuredmedia":[{"embeddable":true,"href":"https:\/\/mediarun.com\/pl\/wp-json\/wp\/v2\/media\/71872"}],"wp:attachment":[{"href":"https:\/\/mediarun.com\/pl\/wp-json\/wp\/v2\/media?parent=71871"}],"wp:term":[{"taxonomy":"category","embeddable":true,"href":"https:\/\/mediarun.com\/pl\/wp-json\/wp\/v2\/categories?post=71871"},{"taxonomy":"post_tag","embeddable":true,"href":"https:\/\/mediarun.com\/pl\/wp-json\/wp\/v2\/tags?post=71871"}],"curies":[{"name":"wp","href":"https:\/\/api.w.org\/{rel}","templated":true}]}}