{"id":71866,"date":"2006-09-14T10:11:10","date_gmt":"2006-09-14T08:11:10","guid":{"rendered":"https:\/\/mediarun.com\/index.php\/news-posts\/gugala-i-zakowski-w-tv4\/"},"modified":"2006-09-14T10:11:10","modified_gmt":"2006-09-14T08:11:10","slug":"gugala-i-zakowski-w-tv4","status":"publish","type":"post","link":"https:\/\/mediarun.com\/pl\/media\/tv\/gugala-i-zakowski-w-tv4.html","title":{"rendered":"Guga\u0142a i \u017bakowski w TV4"},"content":{"rendered":"<p>W programie &#8216;IV w\u0142adza&#8217; spotyka\u0107 si\u0119 b\u0119d\u0105 politycy z publicystami. Ka\u017cdy z dziennikarzy b\u0119dzie mia\u0142 nieca\u0142e 10 minut na indywidualny wywiad. TV4 informuje, \u017ce formu\u0142a programu odzwierciedla natur\u0119 zwi\u0105zku medi\u00f3w z polityk\u0105 &#8211; media konkuruj\u0105 mi\u0119dzy sob\u0105, ale w istocie wsp\u00f3\u0142pracuj\u0105 te\u017c ze sob\u0105 jako czwarta w\u0142adza, oceniaj\u0105ca \u015bwiat polityki. &#8216;IV w\u0142adza&#8217; nadawana b\u0119dzie we wtorki o godz. 21, od 17 pa\u017adziernika.<\/p>\n<p>Piotr Najsztub i Jacek \u017bakowski poprowadz\u0105 &#8216;Tok2Szok&#8217;. W nowej formule program b\u0119dzie si\u0119 sk\u0142ada\u0142 z dw\u00f3ch cz\u0119\u015bci: z bohaterem pierwszej gospodarze rozmawia\u0107 b\u0119d\u0105 poza studiem; z drugim go\u015bciem programu gospodarze przeprowadz\u0105 w studiu dwie rozmowy (w jednej z nich we\u017amie udzia\u0142 oponent bohatera). Wywiady w studiu b\u0119d\u0105 odbywa\u0107 si\u0119 z udzia\u0142em publiczno\u015bci, kt\u00f3ra na koniec zdecyduje w g\u0142osowaniu, jaki prezent, z trzech przygotowanych przez autor\u00f3w programu, nale\u017cy wr\u0119czy\u0107 g\u0142\u00f3wnemu go\u015bciowi. &#8216;Tok2Szok&#8217; pojawia\u0107 si\u0119 b\u0119dzie w TV4 w \u015brody o godz. 21, od 4 pa\u017adziernika. <\/p>\n","protected":false},"excerpt":{"rendered":"W pa\u017adzierniku na antenie TV4 pojawi\u0105 si\u0119 autorskie programy Jaros\u0142awa Guga\u0142y oraz duetu Piotr Najsztub i Jacek \u017bakowski. Guga\u0142a poprowadzi &#8216;IV w\u0142adz\u0119&#8217;. Z kolei Najsztub i \u017bakowski b\u0119d\u0105 gospodarzami &#8216;Tok2Szok&#8217;, kt\u00f3ry &#8211; jak zapowiadaj\u0105 &#8211; nie b\u0119dzie prost\u0105 kontynuacj\u0105 &#8216;TokSzoku&#8217;.","protected":false},"author":1,"featured_media":71867,"comment_status":"open","ping_status":"closed","sticky":false,"template":"","format":"standard","meta":{"csco_display_header_overlay":false,"csco_singular_sidebar":"","csco_page_header_type":"","csco_page_load_nextpost":"","csco_post_video_location":[],"csco_post_video_location_hash":"","csco_post_video_url":"","csco_post_video_bg_start_time":0,"csco_post_video_bg_end_time":0,"footnotes":""},"categories":[9670],"tags":[],"class_list":{"0":"post-71866","1":"post","2":"type-post","3":"status-publish","4":"format-standard","5":"has-post-thumbnail","7":"category-tv","8":"cs-entry","9":"cs-video-wrap"},"_links":{"self":[{"href":"https:\/\/mediarun.com\/pl\/wp-json\/wp\/v2\/posts\/71866","targetHints":{"allow":["GET"]}}],"collection":[{"href":"https:\/\/mediarun.com\/pl\/wp-json\/wp\/v2\/posts"}],"about":[{"href":"https:\/\/mediarun.com\/pl\/wp-json\/wp\/v2\/types\/post"}],"author":[{"embeddable":true,"href":"https:\/\/mediarun.com\/pl\/wp-json\/wp\/v2\/users\/1"}],"replies":[{"embeddable":true,"href":"https:\/\/mediarun.com\/pl\/wp-json\/wp\/v2\/comments?post=71866"}],"version-history":[{"count":0,"href":"https:\/\/mediarun.com\/pl\/wp-json\/wp\/v2\/posts\/71866\/revisions"}],"wp:featuredmedia":[{"embeddable":true,"href":"https:\/\/mediarun.com\/pl\/wp-json\/wp\/v2\/media\/71867"}],"wp:attachment":[{"href":"https:\/\/mediarun.com\/pl\/wp-json\/wp\/v2\/media?parent=71866"}],"wp:term":[{"taxonomy":"category","embeddable":true,"href":"https:\/\/mediarun.com\/pl\/wp-json\/wp\/v2\/categories?post=71866"},{"taxonomy":"post_tag","embeddable":true,"href":"https:\/\/mediarun.com\/pl\/wp-json\/wp\/v2\/tags?post=71866"}],"curies":[{"name":"wp","href":"https:\/\/api.w.org\/{rel}","templated":true}]}}