{"id":71854,"date":"2006-09-14T16:52:01","date_gmt":"2006-09-14T14:52:01","guid":{"rendered":"https:\/\/mediarun.com\/index.php\/news-posts\/zmiany-w-programie-pospieszalskiego\/"},"modified":"2006-09-14T16:52:01","modified_gmt":"2006-09-14T14:52:01","slug":"zmiany-w-programie-pospieszalskiego","status":"publish","type":"post","link":"https:\/\/mediarun.com\/pl\/media\/tv\/zmiany-w-programie-pospieszalskiego.html","title":{"rendered":"Zmiany w programie Pospieszalskiego"},"content":{"rendered":"<p>Maciej Pawlicki, producent programu, zapowiada, \u017ce przynajmniej raz w miesi\u0105cu rozmowy z go\u015b\u0107mi b\u0119d\u0105 odbywa\u0142y si\u0119 poza studiem. Z kolei wed\u0142ug Jana Pospieszalskiego politycy pojawi\u0105 si\u0119 w programie tylko w wyj\u0105tkowych sytuacjach, bowiem &#8211; jak wyja\u015bnia prowadz\u0105cy &#8211; przez ca\u0142y tydzie\u0144 s\u0105 zaj\u0119ci wizytami w studiach radiowych oraz telewizyjnych i nale\u017cy im si\u0119 dzie\u0144 odpoczynku. Od najbli\u017cszego wydania &#8216;Warto rozmawia\u0107&#8217; b\u0119dzie mia\u0142o now\u0105 czo\u0142\u00f3wk\u0119 i scenografi\u0119.<\/p>\n","protected":false},"excerpt":{"rendered":"Nowa scenografia, programy wyjazdowe i mniej polityk\u00f3w &#8211; takie zmiany czekaj\u0105 program Jana Pospieszalskiego &#8216;Warto rozmawia\u0107&#8217;, kt\u00f3ry od wrze\u015bnia widzowie telewizyjnej Dw\u00f3jki mog\u0105 ogl\u0105da\u0107 si\u0119 w niedzielny wiecz\u00f3r, a nie jak dotychczas w poniedzia\u0142ek.","protected":false},"author":1,"featured_media":71855,"comment_status":"open","ping_status":"closed","sticky":false,"template":"","format":"standard","meta":{"csco_display_header_overlay":false,"csco_singular_sidebar":"","csco_page_header_type":"","csco_page_load_nextpost":"","csco_post_video_location":[],"csco_post_video_location_hash":"","csco_post_video_url":"","csco_post_video_bg_start_time":0,"csco_post_video_bg_end_time":0,"footnotes":""},"categories":[9670],"tags":[],"class_list":{"0":"post-71854","1":"post","2":"type-post","3":"status-publish","4":"format-standard","5":"has-post-thumbnail","7":"category-tv","8":"cs-entry","9":"cs-video-wrap"},"_links":{"self":[{"href":"https:\/\/mediarun.com\/pl\/wp-json\/wp\/v2\/posts\/71854","targetHints":{"allow":["GET"]}}],"collection":[{"href":"https:\/\/mediarun.com\/pl\/wp-json\/wp\/v2\/posts"}],"about":[{"href":"https:\/\/mediarun.com\/pl\/wp-json\/wp\/v2\/types\/post"}],"author":[{"embeddable":true,"href":"https:\/\/mediarun.com\/pl\/wp-json\/wp\/v2\/users\/1"}],"replies":[{"embeddable":true,"href":"https:\/\/mediarun.com\/pl\/wp-json\/wp\/v2\/comments?post=71854"}],"version-history":[{"count":0,"href":"https:\/\/mediarun.com\/pl\/wp-json\/wp\/v2\/posts\/71854\/revisions"}],"wp:featuredmedia":[{"embeddable":true,"href":"https:\/\/mediarun.com\/pl\/wp-json\/wp\/v2\/media\/71855"}],"wp:attachment":[{"href":"https:\/\/mediarun.com\/pl\/wp-json\/wp\/v2\/media?parent=71854"}],"wp:term":[{"taxonomy":"category","embeddable":true,"href":"https:\/\/mediarun.com\/pl\/wp-json\/wp\/v2\/categories?post=71854"},{"taxonomy":"post_tag","embeddable":true,"href":"https:\/\/mediarun.com\/pl\/wp-json\/wp\/v2\/tags?post=71854"}],"curies":[{"name":"wp","href":"https:\/\/api.w.org\/{rel}","templated":true}]}}