{"id":7184,"date":"2012-04-02T17:01:08","date_gmt":"2012-04-02T15:01:08","guid":{"rendered":"https:\/\/mediarun.com\/index.php\/news-posts\/krrit-4-tys-zl-kary-dla-radia-maryja-50-tys-dla-eski-rock\/"},"modified":"2012-04-02T17:01:08","modified_gmt":"2012-04-02T15:01:08","slug":"krrit-4-tys-zl-kary-dla-radia-maryja-50-tys-dla-eski-rock","status":"publish","type":"post","link":"https:\/\/mediarun.com\/pl\/media\/radio\/krrit-4-tys-zl-kary-dla-radia-maryja-50-tys-dla-eski-rock.html","title":{"rendered":"KRRiT: 4 tys. z\u0142\u00a0kary dla Radia Maryja, 50 tys. dla Eski Rock"},"content":{"rendered":"<p>Radio Maryja ma zap\u0142aci\u0107 4 tys. z\u0142 za nadawanie ukrytych reklam gazety Nasz Dziennik, Kas Sp&oacute;\u0142dzielczych SKOK oraz za promowanie Wy\u017cszej Szko\u0142y Kultury Spo\u0142ecznej i Medialnej w Toruniu.<\/p>\n<p>Radio Maryja posiada status nadawcy spo\u0142ecznego, dzi\u0119ki czemu nie musi ponosi\u0107 op\u0142at koncesyjnych. Jednocze\u015bnie, zgodnie z ustaw\u0105, nadawca spo\u0142eczny nie mo\u017ce emitowa\u0107 reklam, z tytu\u0142u kt&oacute;rych otrzymuje wynagrodzenie, telesprzeda\u017cy, sponsorowanych audycji lub innych sponsorowanych przekaz&oacute;w.<\/p>\n<p>&#8211; Analiza kontroli fragment&oacute;w programu wykaza\u0142a, \u017ce nadawca po raz kolejny naruszy\u0142 przepisy zawarte w ustawie o radiofonii i telewizji &#8211; czytamy w uzasadnieniu.<\/p>\n<p>Kara zosta\u0142a na\u0142o\u017cona w zwi\u0105zku z naruszeniem obowi\u0105zku wynikaj\u0105cego z art. 16c w zwi\u0105zku z art. 4 pkt 11 ustawy z dnia 29 grudnia 1992 r. o radiofonii i telewizji w programie Radia Maryja wyemitowanym w dniach 11, 12 i 16 maja 2011 r.<\/p>\n<p>&#8211; Art. 16c ustawy stanowi\u0142, \u017ce zakazane jest nadawanie reklamy ukrytej, za\u015b art. 4 pkt 11, \u017ce reklam\u0105 ukryt\u0105 jest przedstawianie w audycjach towar&oacute;w, us\u0142ug, nazwy, firmy, znaku towarowego lub dzia\u0142alno\u015bci przedsi\u0119biorcy b\u0119d\u0105cego producentem towaru lub \u015bwiadcz\u0105cego us\u0142ugi, je\u017celi zamiarem nadawcy, w szczeg&oacute;lno\u015bci zwi\u0105zanym z wynagrodzeniem lub uzyskaniem innej korzy\u015bci, jest osi\u0105gni\u0119cie skutku reklamowego oraz je\u017celi mo\u017cliwe jest wprowadzenie publiczno\u015bci w b\u0142\u0105d, co do charakteru przekazu &#8211; czytamy w uzasadnieniu.<\/p>\n<p>Rada uzna\u0142a, \u017ce ukryt\u0105 reklam\u0119 zawiera\u0142a m.in. audycja w kt&oacute;rej o. Tadeusz Rydzyk stwierdzi\u0142: &#8222;Ta og&oacute;lnopolska prasa codzienna, ta ju\u017c tylko czysto polska, to ju\u017c tylko &#8222;Nasz Dziennik&#8221;, prosz\u0119 pa\u0144stwa i czytaj\u0105c go, kupuj\u0105c go, wspieracie by on istnia\u0142 dalej. W ten spos&oacute;b on tylko si\u0119 utrzymuje, przez to, \u017ce kupujecie go, czytacie, rozprowadzacie dalej.<\/p>\n<p>Kara w wysoko\u015bci 4 tys. z\u0142 stanowi 1,66% g&oacute;rnej granicy mo\u017cliwej kary finansowej.<\/p>\n<p>Jednocze\u015bnie KRRiT wyda\u0142a decyzj\u0119 nak\u0142adaj\u0105c\u0105 na Radio Eska Rock kar\u0119 w wysoko\u015bci 50 tys. z\u0142 za program &#8222;Poranny WF&#8221;.<\/p>\n<p>Audycja, kt&oacute;ra 6 pa\u017adziernika 2011 roku by\u0142a prowadzona przez Kub\u0119 Wojew&oacute;dzki i Micha\u0142a Figurskiego, wed\u0142ug Komisji zawiera\u0142a tre\u015bci dyskryminuj\u0105ce, naruszaj\u0105ce dobra osobiste pos\u0142a Alvina Gajadhura.<\/p>\n<p>Wed\u0142ug KRRiT dziennikarze odnosili si\u0119 bezpo\u015brednio do koloru sk&oacute;ry pos\u0142a, zarzucaj\u0105c mu szerzenie nienawi\u015bci w zwi\u0105zku z pierwsz\u0105 skarg\u0105 Gajadhura. Ko\u0144cz\u0105c zwr&oacute;cili si\u0119 bezpo\u015brednio do Alvina Gajadhura zarzucaj\u0105c mu, \u017ce jego obra\u017canie si\u0119 i manifestowanie niezadowolenia jest spowodowane g\u0142upot\u0105.<\/p>\n<p>Wymierzaj\u0105c kar\u0119 Rada wzi\u0119\u0142a pod uwag\u0119 mo\u017cliwo\u015bci finansowe nadawcy. Wed\u0142ug sprawozdania finansowego za 2010 rok grupa radiowa Time osi\u0105gn\u0119\u0142a roczny przych&oacute;d w wysoko\u015bci ponad 6 mln z\u0142.<\/p>\n<p>Zar&oacute;wno Radio Maryja jak i Radio Eska Rok powinni ui\u015bci\u0107 op\u0142at\u0119 w ci\u0105gu dw&oacute;ch tygodni na rachunek KRRiT. Nadawcom przys\u0142uguje odwo\u0142anie do S\u0105du Okr\u0119gowego w Warszawie &#8211; S\u0105du Gospodarczego za po\u015brednictwem przewodnicz\u0105cego KRRiT.<\/p>\n","protected":false},"excerpt":{"rendered":"Ukryte reklamy i obra\u017aliwe komentarze powodem kar finansowych, na\u0142o\u017conych przez&nbsp;Krajow\u0105 Rad\u0119 Radiofonii i Telewizji.","protected":false},"author":1,"featured_media":7185,"comment_status":"open","ping_status":"closed","sticky":false,"template":"","format":"standard","meta":{"csco_display_header_overlay":false,"csco_singular_sidebar":"","csco_page_header_type":"","csco_page_load_nextpost":"","csco_post_video_location":[],"csco_post_video_location_hash":"","csco_post_video_url":"","csco_post_video_bg_start_time":0,"csco_post_video_bg_end_time":0,"footnotes":""},"categories":[9672],"tags":[668,407,1264,200],"class_list":{"0":"post-7184","1":"post","2":"type-post","3":"status-publish","4":"format-standard","5":"has-post-thumbnail","7":"category-radio","8":"tag-eska-rock","9":"tag-krrit","10":"tag-radio-maryja","11":"tag-reklama","12":"cs-entry","13":"cs-video-wrap"},"_links":{"self":[{"href":"https:\/\/mediarun.com\/pl\/wp-json\/wp\/v2\/posts\/7184","targetHints":{"allow":["GET"]}}],"collection":[{"href":"https:\/\/mediarun.com\/pl\/wp-json\/wp\/v2\/posts"}],"about":[{"href":"https:\/\/mediarun.com\/pl\/wp-json\/wp\/v2\/types\/post"}],"author":[{"embeddable":true,"href":"https:\/\/mediarun.com\/pl\/wp-json\/wp\/v2\/users\/1"}],"replies":[{"embeddable":true,"href":"https:\/\/mediarun.com\/pl\/wp-json\/wp\/v2\/comments?post=7184"}],"version-history":[{"count":0,"href":"https:\/\/mediarun.com\/pl\/wp-json\/wp\/v2\/posts\/7184\/revisions"}],"wp:featuredmedia":[{"embeddable":true,"href":"https:\/\/mediarun.com\/pl\/wp-json\/wp\/v2\/media\/7185"}],"wp:attachment":[{"href":"https:\/\/mediarun.com\/pl\/wp-json\/wp\/v2\/media?parent=7184"}],"wp:term":[{"taxonomy":"category","embeddable":true,"href":"https:\/\/mediarun.com\/pl\/wp-json\/wp\/v2\/categories?post=7184"},{"taxonomy":"post_tag","embeddable":true,"href":"https:\/\/mediarun.com\/pl\/wp-json\/wp\/v2\/tags?post=7184"}],"curies":[{"name":"wp","href":"https:\/\/api.w.org\/{rel}","templated":true}]}}