{"id":71804,"date":"2006-09-15T06:00:00","date_gmt":"2006-09-15T04:00:00","guid":{"rendered":"https:\/\/mediarun.com\/index.php\/news-posts\/tvp-kultura-chce-zdobyc-nowych-widzow\/"},"modified":"2006-09-15T06:00:00","modified_gmt":"2006-09-15T04:00:00","slug":"tvp-kultura-chce-zdobyc-nowych-widzow","status":"publish","type":"post","link":"https:\/\/mediarun.com\/pl\/media\/tv\/tvp-kultura-chce-zdobyc-nowych-widzow.html","title":{"rendered":"TVP Kultura chce zdoby\u0107 nowych widz\u00f3w"},"content":{"rendered":"<p><P>ram\u00f3wki kana\u0142u TVP Kultura, o kt\u00f3rej poinformowano na konferencji prasowej.<\/P><br \/>\n<P>Pierwsze zmiany to wprowadzone we wrze\u015bniu nowe, wyra\u017anie wyr\u00f3\u017cnione pasma i cykle, znikn\u0105\u0142 uk\u0142ad, w kt\u00f3rym ka\u017cdy z dni tygodnia zwi\u0105zany by\u0142 z jednym obszarem kultury. &#8211; Chcieliby\u015bmy, aby TVP Kultura otworzy\u0142a si\u0119 na nowe grupy widz\u00f3w, by nie by\u0142a postrzegana jako kana\u0142 skierowany do w\u0105skiego kr\u0119gu odbiorc\u00f3w &#8211; powiedzia\u0142 dyrektor kana\u0142u Krzysztof Koehler.<\/P><br \/>\n<P>Codziennie o 20 w cyklu &#8222;Studio Kultura&#8221; b\u0119dzie prezentowana publicystyka, o 21 &#8211; w &#8222;Wieczorze z Kultur\u0105&#8221; nadawane b\u0119d\u0105 filmy fabularne, koncerty i spektakle. Na 23 zaplanowano &#8222;Stref\u0119 Alternatywn\u0105&#8221;, promuj\u0105c\u0105 sztuk\u0119 nowoczesn\u0105 i awangardow\u0105, a o 2 po p\u00f3\u0142nocy b\u0119dzie emitowane &#8222;Kino nocne&#8221; &#8211; ambitne filmy polskie i zagraniczne. Od poniedzia\u0142ku do pi\u0105tku o 19 b\u0119dzie nadawany cykl film\u00f3w dokumentalnych &#8222;Dokument z Kultur\u0105&#8221;.<\/P><br \/>\n<P>W poniedzia\u0142ki mi\u0119dzy 22 a 23 TVP Kultura przedstawi &#8222;Klasyk\u0119 filmowego dokumentu&#8221;. Na wtorek na 23 zaplanowano program &#8222;Archiwum jazzu i rocka&#8221;, przybli\u017caj\u0105cy telewidzom te gatunki muzyczne. W czwartki o 17 w magazynie &#8222;Telekino&#8221; b\u0119dzie mo\u017cna obejrze\u0107 archiwalne programy TVP. Pi\u0105tkowe popo\u0142udnia o 17 zosta\u0142y zarezerwowane dla &#8222;Klasyki filmowej&#8221;.<\/P><br \/>\n<P>W soboty o 14 i w niedziele o 15 emitowane b\u0119d\u0105 seriale TVP Kultury, tu\u017c po nich, o 16, &#8222;Folkowe inspiracje&#8221; &#8211; koncerty folkowe z archiwum TVP; na sobotnie wieczory po 22 i niedzielne wczesne popo\u0142udnia o 13 zaplanowano cykl &#8222;Wi\u0119cej ni\u017c fikcja&#8221;, prezentuj\u0105cy kontrowersyjne, poruszaj\u0105ce dokumenty.<\/P><br \/>\n<P>Ponadto w soboty w godz. 17-20 emitowane b\u0119d\u0105 &#8222;Korzenie kultury&#8221;, promuj\u0105ce kultur\u0119 region\u00f3w i grup etnicznych. W niedziele natomiast o 9 i o 1 po p\u00f3\u0142nocy nadawane b\u0119d\u0105 na \u017cyczenie widz\u00f3w powt\u00f3rki program\u00f3w, o 12 emitowana b\u0119dzie &#8222;Muzyczna encyklopedia&#8221; &#8211; popularyzuj\u0105ca szeroko poj\u0119t\u0105 muzyk\u0119, a o 16.20 widzowie b\u0119d\u0105 mogli obejrze\u0107 podsumowanie wydarze\u0144 kulturalnych ca\u0142ego tygodnia w &#8222;Tygodniku kulturalnym&#8221;.<\/P><\/p>\n","protected":false},"excerpt":{"rendered":"Relacje z koncert\u00f3w i spektakli, transmisje festiwali muzycznych i teatralnych oraz publicystyka kulturalna i informacje o najwa\u017cniejszych wydarzeniach artystycznych &#8211; to niekt\u00f3re z propozycji jesiennej&#8230;","protected":false},"author":1,"featured_media":71805,"comment_status":"open","ping_status":"closed","sticky":false,"template":"","format":"standard","meta":{"csco_display_header_overlay":false,"csco_singular_sidebar":"","csco_page_header_type":"","csco_page_load_nextpost":"","csco_post_video_location":[],"csco_post_video_location_hash":"","csco_post_video_url":"","csco_post_video_bg_start_time":0,"csco_post_video_bg_end_time":0,"footnotes":""},"categories":[9670],"tags":[980],"class_list":{"0":"post-71804","1":"post","2":"type-post","3":"status-publish","4":"format-standard","5":"has-post-thumbnail","7":"category-tv","8":"tag-ramowka","9":"cs-entry","10":"cs-video-wrap"},"_links":{"self":[{"href":"https:\/\/mediarun.com\/pl\/wp-json\/wp\/v2\/posts\/71804","targetHints":{"allow":["GET"]}}],"collection":[{"href":"https:\/\/mediarun.com\/pl\/wp-json\/wp\/v2\/posts"}],"about":[{"href":"https:\/\/mediarun.com\/pl\/wp-json\/wp\/v2\/types\/post"}],"author":[{"embeddable":true,"href":"https:\/\/mediarun.com\/pl\/wp-json\/wp\/v2\/users\/1"}],"replies":[{"embeddable":true,"href":"https:\/\/mediarun.com\/pl\/wp-json\/wp\/v2\/comments?post=71804"}],"version-history":[{"count":0,"href":"https:\/\/mediarun.com\/pl\/wp-json\/wp\/v2\/posts\/71804\/revisions"}],"wp:featuredmedia":[{"embeddable":true,"href":"https:\/\/mediarun.com\/pl\/wp-json\/wp\/v2\/media\/71805"}],"wp:attachment":[{"href":"https:\/\/mediarun.com\/pl\/wp-json\/wp\/v2\/media?parent=71804"}],"wp:term":[{"taxonomy":"category","embeddable":true,"href":"https:\/\/mediarun.com\/pl\/wp-json\/wp\/v2\/categories?post=71804"},{"taxonomy":"post_tag","embeddable":true,"href":"https:\/\/mediarun.com\/pl\/wp-json\/wp\/v2\/tags?post=71804"}],"curies":[{"name":"wp","href":"https:\/\/api.w.org\/{rel}","templated":true}]}}