{"id":71794,"date":"2006-09-15T10:16:15","date_gmt":"2006-09-15T08:16:15","guid":{"rendered":"https:\/\/mediarun.com\/index.php\/news-posts\/zmarla-oriana-fallaci\/"},"modified":"2006-09-15T10:16:15","modified_gmt":"2006-09-15T08:16:15","slug":"zmarla-oriana-fallaci","status":"publish","type":"post","link":"https:\/\/mediarun.com\/pl\/media\/prasa\/zmarla-oriana-fallaci.html","title":{"rendered":"Zmar\u0142a Oriana Fallaci"},"content":{"rendered":"<p>Oraina Fallaci urodzi\u0142a si\u0119 w 1929r we Florencji. Swoj\u0105 dziennikarsk\u0105 karier\u0119 rozpocz\u0119\u0142a w roku 1950. Pracowa\u0142a jako korespondentka wojenna m.in. w Wietnamie, Pakistanie, Indiach, na Bliskim Wschodzie i w Po\u0142udniowej Afryce. Pisa\u0142a dla wielu znanych gazet m.in. Corriere della Sera, Los Angeles Times, New York Times, Time, Wall Street Journal i Washington Post. Zas\u0142yn\u0119\u0142a dzi\u0119ki serii g\u0142o\u015bnych wywiad\u00f3w z najwi\u0119kszymi politykami XX wieku m. in. Jasirem Arafatem, Indir\u0105 Gandhi i Willym Brandtem.<\/p>\n<p>W ostatnim czasie du\u017co kontrowersje budzi\u0142y jej ksi\u0105\u017cki dotycz\u0105ce bie\u017c\u0105cych wydarze\u0144. Po zamachach z 11 wrze\u015bnia 2001 Fallaci zacz\u0119\u0142a g\u0142o\u015bno ostrzega\u0107 Zach\u00f3d przeciwko zagro\u017ceniom, kt\u00f3re wed\u0142ug niej niesie ze sob\u0105 agresywny islam. Swoje spostrze\u017cenia zawar\u0142a w ksi\u0105\u017ckach &#8216;W\u015bciek\u0142o\u015b\u0107 i duma&#8217;, &#8216;Si\u0142a rozumu&#8217; i &#8216;Wywiad z sam\u0105 sob\u0105. Apokalipsa&#8217;. Jej postawa spotka\u0142a si\u0119 z krytyk\u0105 organizacji antyrasistowskich i islamskich. W maju 2005r. s\u0105d we W\u0142oszech zdecydowa\u0142 o \u015bciganiu Oriany Fallaci za obraz\u0119 islamu.<\/p>\n","protected":false},"excerpt":{"rendered":"Znana w\u0142oska dziennikarka i pisarka Oriana Fallaci zmar\u0142a w nocy z czwartku na pi\u0105tek we Florencji w wieku 77 lat. Od wielu lat zmaga\u0142a si\u0119 z choroba nowotworow\u0105. \u015awiatow\u0105 s\u0142aw\u0119 zyska\u0142a dzi\u0119ki wywiadom z najwa\u017cniejszymi postaciami XX wieku, w ostatnim okresie \u017cycia budzi\u0142 kontrowersje jej stosunek do islamu.","protected":false},"author":1,"featured_media":0,"comment_status":"open","ping_status":"closed","sticky":false,"template":"","format":"standard","meta":{"csco_display_header_overlay":false,"csco_singular_sidebar":"","csco_page_header_type":"","csco_page_load_nextpost":"","csco_post_video_location":[],"csco_post_video_location_hash":"","csco_post_video_url":"","csco_post_video_bg_start_time":0,"csco_post_video_bg_end_time":0,"footnotes":""},"categories":[9673],"tags":[],"class_list":{"0":"post-71794","1":"post","2":"type-post","3":"status-publish","4":"format-standard","6":"category-prasa","7":"cs-entry","8":"cs-video-wrap"},"_links":{"self":[{"href":"https:\/\/mediarun.com\/pl\/wp-json\/wp\/v2\/posts\/71794","targetHints":{"allow":["GET"]}}],"collection":[{"href":"https:\/\/mediarun.com\/pl\/wp-json\/wp\/v2\/posts"}],"about":[{"href":"https:\/\/mediarun.com\/pl\/wp-json\/wp\/v2\/types\/post"}],"author":[{"embeddable":true,"href":"https:\/\/mediarun.com\/pl\/wp-json\/wp\/v2\/users\/1"}],"replies":[{"embeddable":true,"href":"https:\/\/mediarun.com\/pl\/wp-json\/wp\/v2\/comments?post=71794"}],"version-history":[{"count":0,"href":"https:\/\/mediarun.com\/pl\/wp-json\/wp\/v2\/posts\/71794\/revisions"}],"wp:attachment":[{"href":"https:\/\/mediarun.com\/pl\/wp-json\/wp\/v2\/media?parent=71794"}],"wp:term":[{"taxonomy":"category","embeddable":true,"href":"https:\/\/mediarun.com\/pl\/wp-json\/wp\/v2\/categories?post=71794"},{"taxonomy":"post_tag","embeddable":true,"href":"https:\/\/mediarun.com\/pl\/wp-json\/wp\/v2\/tags?post=71794"}],"curies":[{"name":"wp","href":"https:\/\/api.w.org\/{rel}","templated":true}]}}