{"id":71780,"date":"2006-09-15T16:13:36","date_gmt":"2006-09-15T14:13:36","guid":{"rendered":"https:\/\/mediarun.com\/index.php\/news-posts\/basnie-andersena-w-dziennikach-polskapresse\/"},"modified":"2006-09-15T16:13:36","modified_gmt":"2006-09-15T14:13:36","slug":"basnie-andersena-w-dziennikach-polskapresse","status":"publish","type":"post","link":"https:\/\/mediarun.com\/pl\/media\/prasa\/basnie-andersena-w-dziennikach-polskapresse.html","title":{"rendered":"Ba\u015bnie Andersena w dziennikach Polskapresse"},"content":{"rendered":"<p>Kolekcj\u0119 wspieraj\u0105 kampanie promocyjne realizowane przez poszczeg\u00f3lne o\u015brodki na \u0142amach gazet, w regionalnych i lokalnych stacjach radiowych, regionalnych o\u015brodkach TVP3 oraz poprzez plakaty i ulotki.<\/p>\n<p>Ka\u017cda z p\u0142yt kosztuje 3,5 z\u0142 plus cena dziennika, w kt\u00f3rym si\u0119 ukazuje (z wyj\u0105tkiem Gazety Krakowskiej &#8211; 3,4 z\u0142 plus cena gazety). Mo\u017cna kupi\u0107 tak\u017ce sam\u0105 gazet\u0119 w zwyk\u0142ej cenie.<\/p>\n<p>Bajki s\u0105 do\u0142\u0105czane do pi\u0119ciu gazet Polskapresse (Dziennik Ba\u0142tycki, Dziennik Zachodni, Gazeta Krakowska, S\u0142owo Polskie Gazeta Wroc\u0142awska, Express Ilustrowany) i dw\u00f3ch powi\u0105zanych kapita\u0142owo (Gazeta Pozna\u0144ska i G\u0142os Wielkopolski).<\/p>\n","protected":false},"excerpt":{"rendered":"Dzienniki regionalne Polskapresse rozpocz\u0119\u0142y kolekcj\u0119 skierowan\u0105 do dzieci i m\u0142odzie\u017cy. Od tego tygodnia do cz\u0119\u015bci tytu\u0142\u00f3w do\u0142\u0105czane s\u0105 filmy animowane na VCD &#8216;Najpi\u0119kniejsze ba\u015bnie Hansa Christiana Andersena&#8217;. Kolekcja sk\u0142ada si\u0119 z 13 p\u0142yt zawieraj\u0105cych bajki o d\u0142ugo\u015bci 60 minut.","protected":false},"author":1,"featured_media":71781,"comment_status":"open","ping_status":"closed","sticky":false,"template":"","format":"standard","meta":{"csco_display_header_overlay":false,"csco_singular_sidebar":"","csco_page_header_type":"","csco_page_load_nextpost":"","csco_post_video_location":[],"csco_post_video_location_hash":"","csco_post_video_url":"","csco_post_video_bg_start_time":0,"csco_post_video_bg_end_time":0,"footnotes":""},"categories":[9673],"tags":[],"class_list":{"0":"post-71780","1":"post","2":"type-post","3":"status-publish","4":"format-standard","5":"has-post-thumbnail","7":"category-prasa","8":"cs-entry","9":"cs-video-wrap"},"_links":{"self":[{"href":"https:\/\/mediarun.com\/pl\/wp-json\/wp\/v2\/posts\/71780","targetHints":{"allow":["GET"]}}],"collection":[{"href":"https:\/\/mediarun.com\/pl\/wp-json\/wp\/v2\/posts"}],"about":[{"href":"https:\/\/mediarun.com\/pl\/wp-json\/wp\/v2\/types\/post"}],"author":[{"embeddable":true,"href":"https:\/\/mediarun.com\/pl\/wp-json\/wp\/v2\/users\/1"}],"replies":[{"embeddable":true,"href":"https:\/\/mediarun.com\/pl\/wp-json\/wp\/v2\/comments?post=71780"}],"version-history":[{"count":0,"href":"https:\/\/mediarun.com\/pl\/wp-json\/wp\/v2\/posts\/71780\/revisions"}],"wp:featuredmedia":[{"embeddable":true,"href":"https:\/\/mediarun.com\/pl\/wp-json\/wp\/v2\/media\/71781"}],"wp:attachment":[{"href":"https:\/\/mediarun.com\/pl\/wp-json\/wp\/v2\/media?parent=71780"}],"wp:term":[{"taxonomy":"category","embeddable":true,"href":"https:\/\/mediarun.com\/pl\/wp-json\/wp\/v2\/categories?post=71780"},{"taxonomy":"post_tag","embeddable":true,"href":"https:\/\/mediarun.com\/pl\/wp-json\/wp\/v2\/tags?post=71780"}],"curies":[{"name":"wp","href":"https:\/\/api.w.org\/{rel}","templated":true}]}}