{"id":71772,"date":"2006-09-17T17:00:11","date_gmt":"2006-09-17T15:00:11","guid":{"rendered":"https:\/\/mediarun.com\/index.php\/news-posts\/wyborcze-poniedzialki-w-gw\/"},"modified":"2006-09-17T17:00:11","modified_gmt":"2006-09-17T15:00:11","slug":"wyborcze-poniedzialki-w-gw","status":"publish","type":"post","link":"https:\/\/mediarun.com\/pl\/media\/prasa\/wyborcze-poniedzialki-w-gw.html","title":{"rendered":"Wyborcze poniedzia\u0142ki w GW"},"content":{"rendered":"<p>&#8211; W trakcie kampanii chcemy dostarcza\u0107 naszym czytelnikom jak najpe\u0142niejszych informacji  o wyborach &#8211; m\u00f3wi Wojciech Bartkowiak, zast\u0119pca szefa redakcji lokalnych GW. &#8211; Zale\u017cy nam, by nasi czytelnicy mogli mie\u0107 jasny obraz tych, kt\u00f3rzy rz\u0105dzili przez ostatnie cztery lata i tych, kt\u00f3rzy ubiegaj\u0105 si\u0119 o w\u0142adz\u0119 &#8211; dodaje.<\/p>\n<p>Cykl rozpocznie publikacja sonda\u017cy wyborczych z 27 miast Polski. Obok informacji w lokalnych dodatkach o wyborach, Gazeta Wyborcza zorganizuje tak\u017ce w najwi\u0119kszych miastach polski cykl debat z kandydatami na prezydent\u00f3w.<\/p>\n<p>W Poznaniu, Szczecinie, Zielonej G\u00f3rze i Gorzowie sonda\u017c na zlecenie GW przeprowadzi\u0142 Pentor Research International. W Lublinie Pracownia Metod i Technik Badawczych Instytutu Socjologii UMCS. W pozosta\u0142ych 22 miastach (Mentor.in. Warszawa, \u0141\u00f3d\u017a, Krak\u00f3w, Wroc\u0142aw, Gda\u0144sk, Bydgoszcz i Toru\u0144) badanie zrealizowa\u0142a PBS DGA przy wsp\u00f3\u0142pracy z Call Center Poland i TP Internet na 400-osobowej losowej pr\u00f3bie mieszka\u0144c\u00f3w miasta zdecydowanie deklaruj\u0105cych udzia\u0142 w wyborach samorz\u0105dowych (struktura demograficzna reprezentatywna dla badanej populacji).<\/p>\n","protected":false},"excerpt":{"rendered":"W poniedzia\u0142ek w 22 lokalnych dodatkach Gazety Wyborczej rusza cykl Wyborcze poniedzia\u0142ki. Do wybor\u00f3w samorz\u0105dowych, co tydzie\u0144 na ich \u0142amach ukazywa\u0107 si\u0119 b\u0119d\u0105 obszerne materia\u0142y, raporty, sonda\u017ce, oceny ust\u0119puj\u0105cych w\u0142adz, a tak\u017ce informacje o kandydatach na radnych i prezydent\u00f3w.","protected":false},"author":1,"featured_media":71773,"comment_status":"open","ping_status":"closed","sticky":false,"template":"","format":"standard","meta":{"csco_display_header_overlay":false,"csco_singular_sidebar":"","csco_page_header_type":"","csco_page_load_nextpost":"","csco_post_video_location":[],"csco_post_video_location_hash":"","csco_post_video_url":"","csco_post_video_bg_start_time":0,"csco_post_video_bg_end_time":0,"footnotes":""},"categories":[9673],"tags":[],"class_list":{"0":"post-71772","1":"post","2":"type-post","3":"status-publish","4":"format-standard","5":"has-post-thumbnail","7":"category-prasa","8":"cs-entry","9":"cs-video-wrap"},"_links":{"self":[{"href":"https:\/\/mediarun.com\/pl\/wp-json\/wp\/v2\/posts\/71772","targetHints":{"allow":["GET"]}}],"collection":[{"href":"https:\/\/mediarun.com\/pl\/wp-json\/wp\/v2\/posts"}],"about":[{"href":"https:\/\/mediarun.com\/pl\/wp-json\/wp\/v2\/types\/post"}],"author":[{"embeddable":true,"href":"https:\/\/mediarun.com\/pl\/wp-json\/wp\/v2\/users\/1"}],"replies":[{"embeddable":true,"href":"https:\/\/mediarun.com\/pl\/wp-json\/wp\/v2\/comments?post=71772"}],"version-history":[{"count":0,"href":"https:\/\/mediarun.com\/pl\/wp-json\/wp\/v2\/posts\/71772\/revisions"}],"wp:featuredmedia":[{"embeddable":true,"href":"https:\/\/mediarun.com\/pl\/wp-json\/wp\/v2\/media\/71773"}],"wp:attachment":[{"href":"https:\/\/mediarun.com\/pl\/wp-json\/wp\/v2\/media?parent=71772"}],"wp:term":[{"taxonomy":"category","embeddable":true,"href":"https:\/\/mediarun.com\/pl\/wp-json\/wp\/v2\/categories?post=71772"},{"taxonomy":"post_tag","embeddable":true,"href":"https:\/\/mediarun.com\/pl\/wp-json\/wp\/v2\/tags?post=71772"}],"curies":[{"name":"wp","href":"https:\/\/api.w.org\/{rel}","templated":true}]}}