{"id":71766,"date":"2006-09-17T17:01:59","date_gmt":"2006-09-17T15:01:59","guid":{"rendered":"https:\/\/mediarun.com\/index.php\/news-posts\/tok-fm-budzi-z-politykami\/"},"modified":"2006-09-17T17:01:59","modified_gmt":"2006-09-17T15:01:59","slug":"tok-fm-budzi-z-politykami","status":"publish","type":"post","link":"https:\/\/mediarun.com\/pl\/media\/radio\/tok-fm-budzi-z-politykami.html","title":{"rendered":"Tok FM budzi z politykami"},"content":{"rendered":"<p>O nowo\u015bciach w weekendowej ram\u00f3wce Tok FM informowali\u015bmy ju\u017c w po\u0142owie sierpnia. Poza nowymi programami porannymi, rozg\u0142o\u015bnia zmienia godziny emitowania niekt\u00f3rych audycji sobotnio &#8211; niedzielnych.<\/p>\n<p>W soboty i niedziel\u0119 mi\u0119dzy godz. 8 a 11 nadawane jest nowe pasmo &#8216;Gadanie na \u015bniadanie&#8217;, kt\u00f3re prowadz\u0105 Anna Proni\u0144ska i Krzysztof Grzybowski (wydawca weekendu w Tok FM). <\/p>\n<p>&#8211; To program poranny, w kt\u00f3rym chcemy bie\u017c\u0105ce informacje podawa\u0107 w troch\u0119 l\u017cejszej formie z du\u017c\u0105 ilo\u015bci\u0105 ciekawostek, news\u00f3w, kultury. Sta\u0142ym elementem b\u0119d\u0105 go\u015bcie, kt\u00f3rzy maj\u0105 komentowa\u0107 nie zawsze powa\u017cne wydarzenia, cho\u0107 od tych oczywi\u015bcie nie b\u0119dziemy ucieka\u0107 &#8211; t\u0142umaczy nam Grzybowski.<\/p>\n<p>Gospodarzem &#8216;Porannych polityk\u00f3w&#8217;, audycji emitowanej w soboty po godz. 9, jest Magdalena Ga\u0142czy\u0144ska, reporterka stacji. &#8211; Ma by\u0107 podsumowaniem najwa\u017cniejszych w\u0105tk\u00f3w z ca\u0142ego tygodnia. Na ich temat Magda b\u0119dzie rozmawia\u0107 z trzema (zazwyczaj) politykami reprezentuj\u0105cymi r\u00f3\u017cne partie &#8211; m\u00f3wi nam o programie Krzysztof Grzybowski, wydawca weekendu w Tok FM.<\/p>\n<p>Go\u015b\u0107mi pierwszego wydania &#8216;Porannych polityk\u00f3w&#8217; byli Ryszard Kalisz (SLD), Julia Pitera (PO) i Marek Suski (PiS).<\/p>\n","protected":false},"excerpt":{"rendered":"&#8216;Gadanie na \u015bniadanie&#8217; i &#8216;Poranni politycy&#8217; to dwie nowe, poranne pozycje Radia Tok FM wprowadzone na anten\u0119 rozg\u0142o\u015bni w ten weekend. Tym samym Tok FM do\u0142\u0105cza do grona stacji, w kt\u00f3rych emitowany jest weekendowy program z udzia\u0142em polityk\u00f3w, komentuj\u0105cych wydarzenia.","protected":false},"author":1,"featured_media":71767,"comment_status":"open","ping_status":"closed","sticky":false,"template":"","format":"standard","meta":{"csco_display_header_overlay":false,"csco_singular_sidebar":"","csco_page_header_type":"","csco_page_load_nextpost":"","csco_post_video_location":[],"csco_post_video_location_hash":"","csco_post_video_url":"","csco_post_video_bg_start_time":0,"csco_post_video_bg_end_time":0,"footnotes":""},"categories":[9672],"tags":[],"class_list":{"0":"post-71766","1":"post","2":"type-post","3":"status-publish","4":"format-standard","5":"has-post-thumbnail","7":"category-radio","8":"cs-entry","9":"cs-video-wrap"},"_links":{"self":[{"href":"https:\/\/mediarun.com\/pl\/wp-json\/wp\/v2\/posts\/71766","targetHints":{"allow":["GET"]}}],"collection":[{"href":"https:\/\/mediarun.com\/pl\/wp-json\/wp\/v2\/posts"}],"about":[{"href":"https:\/\/mediarun.com\/pl\/wp-json\/wp\/v2\/types\/post"}],"author":[{"embeddable":true,"href":"https:\/\/mediarun.com\/pl\/wp-json\/wp\/v2\/users\/1"}],"replies":[{"embeddable":true,"href":"https:\/\/mediarun.com\/pl\/wp-json\/wp\/v2\/comments?post=71766"}],"version-history":[{"count":0,"href":"https:\/\/mediarun.com\/pl\/wp-json\/wp\/v2\/posts\/71766\/revisions"}],"wp:featuredmedia":[{"embeddable":true,"href":"https:\/\/mediarun.com\/pl\/wp-json\/wp\/v2\/media\/71767"}],"wp:attachment":[{"href":"https:\/\/mediarun.com\/pl\/wp-json\/wp\/v2\/media?parent=71766"}],"wp:term":[{"taxonomy":"category","embeddable":true,"href":"https:\/\/mediarun.com\/pl\/wp-json\/wp\/v2\/categories?post=71766"},{"taxonomy":"post_tag","embeddable":true,"href":"https:\/\/mediarun.com\/pl\/wp-json\/wp\/v2\/tags?post=71766"}],"curies":[{"name":"wp","href":"https:\/\/api.w.org\/{rel}","templated":true}]}}