{"id":71732,"date":"2006-09-18T06:00:00","date_gmt":"2006-09-18T04:00:00","guid":{"rendered":"https:\/\/mediarun.com\/index.php\/news-posts\/wiecej-pilki-w-canal\/"},"modified":"2006-09-18T06:00:00","modified_gmt":"2006-09-18T04:00:00","slug":"wiecej-pilki-w-canal","status":"publish","type":"post","link":"https:\/\/mediarun.com\/pl\/media\/tv\/wiecej-pilki-w-canal.html","title":{"rendered":"Wi\u0119cej pi\u0142ki w Canal+"},"content":{"rendered":"<p><P>W programie pokazywane b\u0119d\u0105 gole z wszystkich lig zagranicznych, kt\u00f3rych mecze rozgrywane by\u0142y w weekend. Bramkom towarzyszy\u0107 b\u0119dzie oprawa graficzna i podk\u0142ad d\u017awi\u0119kowy. <\/P><br \/>\n<P>Od&nbsp;dw\u00f3ch tygodni na antenie Canal+ emitowany jest r\u00f3wnie\u017c drugi z nowych program\u00f3w sportowych &#8211; &#8222;1 na 1&#8221;, w kt\u00f3rym&nbsp;Marcin Ros\u0142o\u0144 zadaje pytania wybranemu pi\u0142karzowi Orange Ekstraklasy. <\/P><br \/>\n<P>Najbli\u017csze wydanie programu &#8222;Gol+ Gol&#8221; w Canal+ Sport w poniedzia\u0142ek, 18 wrze\u015bnia, o godz. 18.00, a programu &#8222;1 na 1&#8221; we wtorek, 19 wrze\u015bnia, o 20.30.<\/P><\/p>\n","protected":false},"excerpt":{"rendered":"Od 18 wrze\u015bnia na antenie Canal+ rusza nowy cotygodniowy magazyn po\u015bwi\u0119cony pi\u0142ce no\u017cnej &quot;Gol+Gol&quot;.","protected":false},"author":1,"featured_media":71733,"comment_status":"open","ping_status":"closed","sticky":false,"template":"","format":"standard","meta":{"csco_display_header_overlay":false,"csco_singular_sidebar":"","csco_page_header_type":"","csco_page_load_nextpost":"","csco_post_video_location":[],"csco_post_video_location_hash":"","csco_post_video_url":"","csco_post_video_bg_start_time":0,"csco_post_video_bg_end_time":0,"footnotes":""},"categories":[9670],"tags":[],"class_list":{"0":"post-71732","1":"post","2":"type-post","3":"status-publish","4":"format-standard","5":"has-post-thumbnail","7":"category-tv","8":"cs-entry","9":"cs-video-wrap"},"_links":{"self":[{"href":"https:\/\/mediarun.com\/pl\/wp-json\/wp\/v2\/posts\/71732","targetHints":{"allow":["GET"]}}],"collection":[{"href":"https:\/\/mediarun.com\/pl\/wp-json\/wp\/v2\/posts"}],"about":[{"href":"https:\/\/mediarun.com\/pl\/wp-json\/wp\/v2\/types\/post"}],"author":[{"embeddable":true,"href":"https:\/\/mediarun.com\/pl\/wp-json\/wp\/v2\/users\/1"}],"replies":[{"embeddable":true,"href":"https:\/\/mediarun.com\/pl\/wp-json\/wp\/v2\/comments?post=71732"}],"version-history":[{"count":0,"href":"https:\/\/mediarun.com\/pl\/wp-json\/wp\/v2\/posts\/71732\/revisions"}],"wp:featuredmedia":[{"embeddable":true,"href":"https:\/\/mediarun.com\/pl\/wp-json\/wp\/v2\/media\/71733"}],"wp:attachment":[{"href":"https:\/\/mediarun.com\/pl\/wp-json\/wp\/v2\/media?parent=71732"}],"wp:term":[{"taxonomy":"category","embeddable":true,"href":"https:\/\/mediarun.com\/pl\/wp-json\/wp\/v2\/categories?post=71732"},{"taxonomy":"post_tag","embeddable":true,"href":"https:\/\/mediarun.com\/pl\/wp-json\/wp\/v2\/tags?post=71732"}],"curies":[{"name":"wp","href":"https:\/\/api.w.org\/{rel}","templated":true}]}}