{"id":71700,"date":"2006-09-18T17:41:54","date_gmt":"2006-09-18T15:41:54","guid":{"rendered":"https:\/\/mediarun.com\/index.php\/news-posts\/wzmocniony-dzial-marketingu-gazety-prawnej\/"},"modified":"2006-09-18T17:41:54","modified_gmt":"2006-09-18T15:41:54","slug":"wzmocniony-dzial-marketingu-gazety-prawnej","status":"publish","type":"post","link":"https:\/\/mediarun.com\/pl\/trendy\/branding\/wzmocniony-dzial-marketingu-gazety-prawnej.html","title":{"rendered":"Wzmocniony dzia\u0142 marketingu Gazety Prawnej"},"content":{"rendered":"<p>Do jej g\u0142\u00f3wnych zada\u0144 nale\u017ce\u0107 b\u0119dzie realizacja kampanii promocyjnych i wizerunkowych w mediach zewn\u0119trznych oraz poprzez kana\u0142y komunikacyjne w ramach grupy Infor. Joanna Mazur b\u0119dzie r\u00f3wnie\u017c odpowiada\u0107 za promocj\u0119 prenumeraty Gazety Prawnej oraz realizacj\u0119 dzia\u0142a\u0144 z zakresu identyfikacji wizualnej i BTL, a tak\u017ce wspiera\u0107 zesp\u00f3\u0142 marketingu podczas tworzenia i wdra\u017cania globalnej strategii marki Gazeta Prawna na najbli\u017csze kilkana\u015bcie miesi\u0119cy. <\/p>\n<p>Joanna Mazur specjalizuje si\u0119 w promocji medi\u00f3w drukowanych. Ma wieloletnie do\u015bwiadczenie kierownicze zdobyte podczas pracy w Biurach Promocji du\u017cych wydawnictw prasowych &#8211; Ringier Polska S.A, AWR Wprost oraz Grupie Wydawniczej Infor. <\/p>\n","protected":false},"excerpt":{"rendered":"W ramach zmian strukturalno-kadrowych w Gazecie Prawnej, maj\u0105cych na celu wzmocnienie pozycji rynkowej tytu\u0142u, do zespo\u0142u dzia\u0142u marketingu dziennika do\u0142\u0105czy\u0142a Joanna Mazur, kt\u00f3ra obejmie stanowisko managera projekt\u00f3w promocyjnych.","protected":false},"author":1,"featured_media":71701,"comment_status":"open","ping_status":"closed","sticky":false,"template":"","format":"standard","meta":{"csco_display_header_overlay":false,"csco_singular_sidebar":"","csco_page_header_type":"","csco_page_load_nextpost":"","csco_post_video_location":[],"csco_post_video_location_hash":"","csco_post_video_url":"","csco_post_video_bg_start_time":0,"csco_post_video_bg_end_time":0,"footnotes":""},"categories":[9658],"tags":[],"class_list":{"0":"post-71700","1":"post","2":"type-post","3":"status-publish","4":"format-standard","5":"has-post-thumbnail","7":"category-branding","8":"cs-entry","9":"cs-video-wrap"},"_links":{"self":[{"href":"https:\/\/mediarun.com\/pl\/wp-json\/wp\/v2\/posts\/71700","targetHints":{"allow":["GET"]}}],"collection":[{"href":"https:\/\/mediarun.com\/pl\/wp-json\/wp\/v2\/posts"}],"about":[{"href":"https:\/\/mediarun.com\/pl\/wp-json\/wp\/v2\/types\/post"}],"author":[{"embeddable":true,"href":"https:\/\/mediarun.com\/pl\/wp-json\/wp\/v2\/users\/1"}],"replies":[{"embeddable":true,"href":"https:\/\/mediarun.com\/pl\/wp-json\/wp\/v2\/comments?post=71700"}],"version-history":[{"count":0,"href":"https:\/\/mediarun.com\/pl\/wp-json\/wp\/v2\/posts\/71700\/revisions"}],"wp:featuredmedia":[{"embeddable":true,"href":"https:\/\/mediarun.com\/pl\/wp-json\/wp\/v2\/media\/71701"}],"wp:attachment":[{"href":"https:\/\/mediarun.com\/pl\/wp-json\/wp\/v2\/media?parent=71700"}],"wp:term":[{"taxonomy":"category","embeddable":true,"href":"https:\/\/mediarun.com\/pl\/wp-json\/wp\/v2\/categories?post=71700"},{"taxonomy":"post_tag","embeddable":true,"href":"https:\/\/mediarun.com\/pl\/wp-json\/wp\/v2\/tags?post=71700"}],"curies":[{"name":"wp","href":"https:\/\/api.w.org\/{rel}","templated":true}]}}