{"id":7168,"date":"2012-04-03T13:42:20","date_gmt":"2012-04-03T11:42:20","guid":{"rendered":"https:\/\/mediarun.com\/index.php\/news-posts\/miasto-kobiet-w-tvn-style-w-nowej-odslonie\/"},"modified":"2012-04-03T13:42:20","modified_gmt":"2012-04-03T11:42:20","slug":"miasto-kobiet-w-tvn-style-w-nowej-odslonie","status":"publish","type":"post","link":"https:\/\/mediarun.com\/pl\/media\/tv\/miasto-kobiet-w-tvn-style-w-nowej-odslonie.html","title":{"rendered":"&#8222;Miasto Kobiet&#8221; w TVN Style w nowej ods\u0142onie"},"content":{"rendered":"<p>Program &#8222;Miasto Kobiet&#8221; wr&oacute;ci\u0142 na anten\u0119 w nowej ods\u0142onie. Zmieni\u0142o sie studio, scenografia oraz szata graficzna. Niezmienny pozostaje duet prowadz\u0105cych, czyli Paulina M\u0142ynarska i Dorota Wellman.<\/p>\n<p>W najbli\u017csz\u0105 \u015brod\u0119 (4 kwietnia br.) &#8222;Miasto kobiet&#8221; odwiedz\u0105 kobiety, kt&oacute;rych m\u0119\u017cowie pope\u0142nili samob&oacute;jstwo oraz bli\u017aniaczki, kt&oacute;re przez sze\u015b\u0107dziesi\u0105t lat nie wiedzia\u0142y o swoim istnieniu. W drugim odcinku (11 kwietnia br.) b\u0119dzie poruszany temat gwa\u0142tu oraz zazdro\u015bci.  W kolejnym odcinkach (18 kwietnia br.), prowadz\u0105ce spotkaj\u0105 si\u0119  z rodzicami, kt&oacute;rym narkotyki odebra\u0142y dziecko. Wys\u0142uchaj\u0105 r&oacute;wnie\u017c opowie\u015bci kobiet bitych przez m\u0119\u017c&oacute;w.<\/p>\n<p>W ostatnim tygodniu kwietnia w &#8222;Mie\u015bcie Kobiet&#8221; pojawi\u0105 si\u0119 Polki, kt&oacute;re zawieraj\u0105 ma\u0142\u017ce\u0144stwa mieszane&nbsp;i oddaj\u0105 swoje serca obcokrajowcom. Dorota Wellman i Paulina M\u0142ynarska sprawdz\u0105 czy mo\u017cna wpa\u015b\u0107 w na\u0142&oacute;g chodzenia do wr&oacute;\u017cbit&oacute;w i \u017cy\u0107 dok\u0142adnie wed\u0142ug ich rad&nbsp;i przepowiedni (premiera 24 kwietnia).<\/p>\n","protected":false},"excerpt":{"rendered":"Rusza nowy sezon programu &#8222;Miasto Kobiet&#8221;. Premierowe odcinki emitowane b\u0119d\u0105 od 4 kwietni br. w ka\u017cd\u0105 \u015brod\u0119 o godz. 22. 30 na antenie TVN Style.","protected":false},"author":1,"featured_media":7169,"comment_status":"open","ping_status":"closed","sticky":false,"template":"","format":"standard","meta":{"csco_display_header_overlay":false,"csco_singular_sidebar":"","csco_page_header_type":"","csco_page_load_nextpost":"","csco_post_video_location":[],"csco_post_video_location_hash":"","csco_post_video_url":"","csco_post_video_bg_start_time":0,"csco_post_video_bg_end_time":0,"footnotes":""},"categories":[9670],"tags":[1263,544],"class_list":{"0":"post-7168","1":"post","2":"type-post","3":"status-publish","4":"format-standard","5":"has-post-thumbnail","7":"category-tv","8":"tag-miasto-kobiet","9":"tag-tvn-style","10":"cs-entry","11":"cs-video-wrap"},"_links":{"self":[{"href":"https:\/\/mediarun.com\/pl\/wp-json\/wp\/v2\/posts\/7168","targetHints":{"allow":["GET"]}}],"collection":[{"href":"https:\/\/mediarun.com\/pl\/wp-json\/wp\/v2\/posts"}],"about":[{"href":"https:\/\/mediarun.com\/pl\/wp-json\/wp\/v2\/types\/post"}],"author":[{"embeddable":true,"href":"https:\/\/mediarun.com\/pl\/wp-json\/wp\/v2\/users\/1"}],"replies":[{"embeddable":true,"href":"https:\/\/mediarun.com\/pl\/wp-json\/wp\/v2\/comments?post=7168"}],"version-history":[{"count":0,"href":"https:\/\/mediarun.com\/pl\/wp-json\/wp\/v2\/posts\/7168\/revisions"}],"wp:featuredmedia":[{"embeddable":true,"href":"https:\/\/mediarun.com\/pl\/wp-json\/wp\/v2\/media\/7169"}],"wp:attachment":[{"href":"https:\/\/mediarun.com\/pl\/wp-json\/wp\/v2\/media?parent=7168"}],"wp:term":[{"taxonomy":"category","embeddable":true,"href":"https:\/\/mediarun.com\/pl\/wp-json\/wp\/v2\/categories?post=7168"},{"taxonomy":"post_tag","embeddable":true,"href":"https:\/\/mediarun.com\/pl\/wp-json\/wp\/v2\/tags?post=7168"}],"curies":[{"name":"wp","href":"https:\/\/api.w.org\/{rel}","templated":true}]}}