{"id":71678,"date":"2006-09-19T06:00:00","date_gmt":"2006-09-19T04:00:00","guid":{"rendered":"https:\/\/mediarun.com\/index.php\/news-posts\/nowy-manager-projektow-promocyjnych-w-gazecie-prawnej\/"},"modified":"2006-09-19T06:00:00","modified_gmt":"2006-09-19T04:00:00","slug":"nowy-manager-projektow-promocyjnych-w-gazecie-prawnej","status":"publish","type":"post","link":"https:\/\/mediarun.com\/pl\/ludzie\/awanse\/nowy-manager-projektow-promocyjnych-w-gazecie-prawnej.html","title":{"rendered":"Nowy manager projekt\u00f3w promocyjnych w Gazecie Prawnej"},"content":{"rendered":"<p><P>projekt\u00f3w promocyjnych dziennika. <\/P><br \/>\n<P>Do jej g\u0142\u00f3wnych zada\u0144 nale\u017ce\u0107 b\u0119dzie realizacja kampanii promocyjnych i wizerunkowych w mediach zewn\u0119trznych oraz poprzez kana\u0142y komunikacyjne w ramach Grupy Infor. Mazur b\u0119dzie r\u00f3wnie\u017c odpowiada\u0107 za promocj\u0119 prenumeraty Gazety Prawnej oraz realizacj\u0119 dzia\u0142a\u0144 z zakresu identyfikacji wizualnej i BTL.<\/P><br \/>\n<P>Joanna Mazur wcze\u015bniej pracowa\u0142a m.in. w biurach promocji AWR Wprost oraz Grupie Wydawniczej Infor. <\/P><\/p>\n","protected":false},"excerpt":{"rendered":"Do zespo\u0142u dzia\u0142u marketingu Gazety Prawnej do\u0142\u0105czy\u0142a Joanna Mazur, kt\u00f3ra obj\u0119\u0142a stanowisko managera&#8230;","protected":false},"author":1,"featured_media":71679,"comment_status":"open","ping_status":"closed","sticky":false,"template":"","format":"standard","meta":{"csco_display_header_overlay":false,"csco_singular_sidebar":"","csco_page_header_type":"","csco_page_load_nextpost":"","csco_post_video_location":[],"csco_post_video_location_hash":"","csco_post_video_url":"","csco_post_video_bg_start_time":0,"csco_post_video_bg_end_time":0,"footnotes":""},"categories":[9678],"tags":[],"class_list":{"0":"post-71678","1":"post","2":"type-post","3":"status-publish","4":"format-standard","5":"has-post-thumbnail","7":"category-awanse","8":"cs-entry","9":"cs-video-wrap"},"_links":{"self":[{"href":"https:\/\/mediarun.com\/pl\/wp-json\/wp\/v2\/posts\/71678","targetHints":{"allow":["GET"]}}],"collection":[{"href":"https:\/\/mediarun.com\/pl\/wp-json\/wp\/v2\/posts"}],"about":[{"href":"https:\/\/mediarun.com\/pl\/wp-json\/wp\/v2\/types\/post"}],"author":[{"embeddable":true,"href":"https:\/\/mediarun.com\/pl\/wp-json\/wp\/v2\/users\/1"}],"replies":[{"embeddable":true,"href":"https:\/\/mediarun.com\/pl\/wp-json\/wp\/v2\/comments?post=71678"}],"version-history":[{"count":0,"href":"https:\/\/mediarun.com\/pl\/wp-json\/wp\/v2\/posts\/71678\/revisions"}],"wp:featuredmedia":[{"embeddable":true,"href":"https:\/\/mediarun.com\/pl\/wp-json\/wp\/v2\/media\/71679"}],"wp:attachment":[{"href":"https:\/\/mediarun.com\/pl\/wp-json\/wp\/v2\/media?parent=71678"}],"wp:term":[{"taxonomy":"category","embeddable":true,"href":"https:\/\/mediarun.com\/pl\/wp-json\/wp\/v2\/categories?post=71678"},{"taxonomy":"post_tag","embeddable":true,"href":"https:\/\/mediarun.com\/pl\/wp-json\/wp\/v2\/tags?post=71678"}],"curies":[{"name":"wp","href":"https:\/\/api.w.org\/{rel}","templated":true}]}}