{"id":71676,"date":"2006-09-19T06:00:00","date_gmt":"2006-09-19T04:00:00","guid":{"rendered":"https:\/\/mediarun.com\/index.php\/news-posts\/wokalista-radiohead-w-serialu\/"},"modified":"2006-09-19T06:00:00","modified_gmt":"2006-09-19T04:00:00","slug":"wokalista-radiohead-w-serialu","status":"publish","type":"post","link":"https:\/\/mediarun.com\/pl\/inne\/wokalista-radiohead-w-serialu.html","title":{"rendered":"Wokalista Radiohead w serialu"},"content":{"rendered":"<p><P>&#8222;From The Basement&#8221; zadebiutuje z wi\u0119ksz\u0105 liczb\u0105 gwiazd &#8211; opr\u00f3cz Yorke&#8217;a, pojawi\u0105 si\u0119 r\u00f3wnie\u017c Four Tet i The White Stripes.<\/P><br \/>\n<P>&#8211; Opr\u00f3cz muzyki jestem te\u017c zainteresowany wizualn\u0105 stron\u0105 rzeczy i zawsze chcia\u0142em to zintegrowa\u0107 z muzyk\u0105. Ludzie ju\u017c nie kupuj\u0105 tyle p\u0142yt, co kiedy\u015b, bo to medium stale si\u0119 zmienia. Ja staram si\u0119 za tym nad\u0105\u017cy\u0107 &#8211; powiedzia\u0142&nbsp;Godrich.&nbsp;<\/P><br \/>\n<P>W drugim odcinku wyst\u0105pi\u0105 m.in. Beck i Jamie Liddell<BR><\/P><\/p>\n","protected":false},"excerpt":{"rendered":"Producent Radiohead, Nigel Godrich, pracuje nad serialem telewizyjnym. W pierwszym odcinku ma si\u0119 pojawi\u0107 Thom Yorke.","protected":false},"author":1,"featured_media":71677,"comment_status":"open","ping_status":"closed","sticky":false,"template":"","format":"standard","meta":{"csco_display_header_overlay":false,"csco_singular_sidebar":"","csco_page_header_type":"","csco_page_load_nextpost":"","csco_post_video_location":[],"csco_post_video_location_hash":"","csco_post_video_url":"","csco_post_video_bg_start_time":0,"csco_post_video_bg_end_time":0,"footnotes":""},"categories":[47],"tags":[],"class_list":{"0":"post-71676","1":"post","2":"type-post","3":"status-publish","4":"format-standard","5":"has-post-thumbnail","7":"category-inne","8":"cs-entry","9":"cs-video-wrap"},"_links":{"self":[{"href":"https:\/\/mediarun.com\/pl\/wp-json\/wp\/v2\/posts\/71676","targetHints":{"allow":["GET"]}}],"collection":[{"href":"https:\/\/mediarun.com\/pl\/wp-json\/wp\/v2\/posts"}],"about":[{"href":"https:\/\/mediarun.com\/pl\/wp-json\/wp\/v2\/types\/post"}],"author":[{"embeddable":true,"href":"https:\/\/mediarun.com\/pl\/wp-json\/wp\/v2\/users\/1"}],"replies":[{"embeddable":true,"href":"https:\/\/mediarun.com\/pl\/wp-json\/wp\/v2\/comments?post=71676"}],"version-history":[{"count":0,"href":"https:\/\/mediarun.com\/pl\/wp-json\/wp\/v2\/posts\/71676\/revisions"}],"wp:featuredmedia":[{"embeddable":true,"href":"https:\/\/mediarun.com\/pl\/wp-json\/wp\/v2\/media\/71677"}],"wp:attachment":[{"href":"https:\/\/mediarun.com\/pl\/wp-json\/wp\/v2\/media?parent=71676"}],"wp:term":[{"taxonomy":"category","embeddable":true,"href":"https:\/\/mediarun.com\/pl\/wp-json\/wp\/v2\/categories?post=71676"},{"taxonomy":"post_tag","embeddable":true,"href":"https:\/\/mediarun.com\/pl\/wp-json\/wp\/v2\/tags?post=71676"}],"curies":[{"name":"wp","href":"https:\/\/api.w.org\/{rel}","templated":true}]}}