{"id":71621,"date":"2006-09-20T06:00:00","date_gmt":"2006-09-20T04:00:00","guid":{"rendered":"https:\/\/mediarun.com\/index.php\/news-posts\/pap-net-ma-nowego-dyrektora\/"},"modified":"2006-09-20T06:00:00","modified_gmt":"2006-09-20T04:00:00","slug":"pap-net-ma-nowego-dyrektora","status":"publish","type":"post","link":"https:\/\/mediarun.com\/pl\/ludzie\/awanse\/pap-net-ma-nowego-dyrektora.html","title":{"rendered":"PAP-Net ma nowego dyrektora"},"content":{"rendered":"<p><P>kt\u00f3ry pe\u0142ni\u0142 dotychczas funkcj\u0119 doradcy zarz\u0105du agencji. <\/P><br \/>\n<P>Waliszewski kierowa\u0142 oddzia\u0142em PAP-Net od lutego ubieg\u0142ego roku. Rozsta\u0142 si\u0119 z Polsk\u0105 Agencj\u0105 Prasow\u0105 za porozumieniem stron.<\/P><\/p>\n","protected":false},"excerpt":{"rendered":"Wies\u0142aw Waliszewski nie jest ju\u017c dyrektorem i redaktorem naczelnym PAP-Net. Zast\u0105pi\u0142 go Maciej \u015awirski,&#8230;","protected":false},"author":1,"featured_media":71622,"comment_status":"open","ping_status":"closed","sticky":false,"template":"","format":"standard","meta":{"csco_display_header_overlay":false,"csco_singular_sidebar":"","csco_page_header_type":"","csco_page_load_nextpost":"","csco_post_video_location":[],"csco_post_video_location_hash":"","csco_post_video_url":"","csco_post_video_bg_start_time":0,"csco_post_video_bg_end_time":0,"footnotes":""},"categories":[9678],"tags":[],"class_list":{"0":"post-71621","1":"post","2":"type-post","3":"status-publish","4":"format-standard","5":"has-post-thumbnail","7":"category-awanse","8":"cs-entry","9":"cs-video-wrap"},"_links":{"self":[{"href":"https:\/\/mediarun.com\/pl\/wp-json\/wp\/v2\/posts\/71621","targetHints":{"allow":["GET"]}}],"collection":[{"href":"https:\/\/mediarun.com\/pl\/wp-json\/wp\/v2\/posts"}],"about":[{"href":"https:\/\/mediarun.com\/pl\/wp-json\/wp\/v2\/types\/post"}],"author":[{"embeddable":true,"href":"https:\/\/mediarun.com\/pl\/wp-json\/wp\/v2\/users\/1"}],"replies":[{"embeddable":true,"href":"https:\/\/mediarun.com\/pl\/wp-json\/wp\/v2\/comments?post=71621"}],"version-history":[{"count":0,"href":"https:\/\/mediarun.com\/pl\/wp-json\/wp\/v2\/posts\/71621\/revisions"}],"wp:featuredmedia":[{"embeddable":true,"href":"https:\/\/mediarun.com\/pl\/wp-json\/wp\/v2\/media\/71622"}],"wp:attachment":[{"href":"https:\/\/mediarun.com\/pl\/wp-json\/wp\/v2\/media?parent=71621"}],"wp:term":[{"taxonomy":"category","embeddable":true,"href":"https:\/\/mediarun.com\/pl\/wp-json\/wp\/v2\/categories?post=71621"},{"taxonomy":"post_tag","embeddable":true,"href":"https:\/\/mediarun.com\/pl\/wp-json\/wp\/v2\/tags?post=71621"}],"curies":[{"name":"wp","href":"https:\/\/api.w.org\/{rel}","templated":true}]}}