{"id":71595,"date":"2006-09-20T07:57:09","date_gmt":"2006-09-20T05:57:09","guid":{"rendered":"https:\/\/mediarun.com\/index.php\/news-posts\/agora-zwolni-do-250-osob\/"},"modified":"2006-09-20T07:57:09","modified_gmt":"2006-09-20T05:57:09","slug":"agora-zwolni-do-250-osob","status":"publish","type":"post","link":"https:\/\/mediarun.com\/pl\/media\/prasa\/agora-zwolni-do-250-osob.html","title":{"rendered":"Agora zwolni do 250 os\u00f3b"},"content":{"rendered":"<p>Agora w komunikacie gie\u0142dowym poinformowa\u0142a, \u017ce celem planu optymalizacji jest podniesienie efektywno\u015bci operacyjnej sp\u00f3\u0142ki i sprawne jej dostosowanie do zmieniaj\u0105cych si\u0119 reali\u00f3w rynkowych i konkurencyjnych na rynku medi\u00f3w. <\/p>\n<p>Elementem realizacji tych zmian jest istotna redukcja koszt\u00f3w operacyjnych w sp\u00f3\u0142ce. Celem Agory jest obni\u017cenie bazy koszt\u00f3w w 2007 roku o ok. 35 mln z\u0142. <\/p>\n<p>Dzia\u0142ania obj\u0119te planem maj\u0105 na celu uelastycznienie i dynamizacj\u0119 proces\u00f3w w sp\u00f3\u0142ce. Zak\u0142adaj\u0105 m.in. zmiany w strukturze zarz\u0105dzania sprzeda\u017c\u0105, centralizacj\u0119 wybranych dzia\u0142alno\u015bci, outsourcing niekt\u00f3rych funkcji oraz optymalizacj\u0119 wielu innych proces\u00f3w w dzia\u0142ach wspomagaj\u0105cych i administracyjnych. <\/p>\n<p>Jednym z element\u00f3w planu jest dostosowanie poziomu zatrudnienia do nowego modelu funkcjonowania firmy. Agora planuje przeprowadzenie zwolnie\u0144 grupowych w Agorze, kt\u00f3re obejm\u0105 do 250 os\u00f3b. <\/p>\n<p>&#8211; Obecna kondycja finansowa grupy pozwala na przeprowadzenie tych najtrudniejszych zmian w spos\u00f3b przemy\u015blany i z dobr\u0105 ofert\u0105 os\u0142onow\u0105 &#8211; czytamy w komunikacie.<\/p>\n<p>Sp\u00f3\u0142ka szacuje, \u017ce koszty zwi\u0105zane z wdra\u017caniem zmian w tym roku wynios\u0105 ok. 5 mln z\u0142, w tym 3,4 mln z\u0142 koszt\u00f3w odpraw i odszkodowa\u0144. Na wszystkie koszty zwi\u0105zane z optymalizacj\u0105 zostan\u0105 zawi\u0105zane rezerwy w rachunku wynik\u00f3w grupy w 2006 roku.<\/p>\n","protected":false},"excerpt":{"rendered":"Nawet 250 os\u00f3b mo\u017ce straci\u0107 prac\u0119 do ko\u0144ca tego roku w Agorze. O takich planach zosta\u0142 poinformowany w \u015brod\u0119 Rejonowy Urz\u0105d Pracy. Zarz\u0105d sp\u00f3\u0142ki podj\u0105\u0142 w\u0142a\u015bnie uchwa\u0142\u0119 w sprawie zatwierdzenia &#8216;planu optymalizacji modelu funkcjonowania Grupy Agory&#8217;.","protected":false},"author":1,"featured_media":71596,"comment_status":"open","ping_status":"closed","sticky":false,"template":"","format":"standard","meta":{"csco_display_header_overlay":false,"csco_singular_sidebar":"","csco_page_header_type":"","csco_page_load_nextpost":"","csco_post_video_location":[],"csco_post_video_location_hash":"","csco_post_video_url":"","csco_post_video_bg_start_time":0,"csco_post_video_bg_end_time":0,"footnotes":""},"categories":[9673],"tags":[],"class_list":{"0":"post-71595","1":"post","2":"type-post","3":"status-publish","4":"format-standard","5":"has-post-thumbnail","7":"category-prasa","8":"cs-entry","9":"cs-video-wrap"},"_links":{"self":[{"href":"https:\/\/mediarun.com\/pl\/wp-json\/wp\/v2\/posts\/71595","targetHints":{"allow":["GET"]}}],"collection":[{"href":"https:\/\/mediarun.com\/pl\/wp-json\/wp\/v2\/posts"}],"about":[{"href":"https:\/\/mediarun.com\/pl\/wp-json\/wp\/v2\/types\/post"}],"author":[{"embeddable":true,"href":"https:\/\/mediarun.com\/pl\/wp-json\/wp\/v2\/users\/1"}],"replies":[{"embeddable":true,"href":"https:\/\/mediarun.com\/pl\/wp-json\/wp\/v2\/comments?post=71595"}],"version-history":[{"count":0,"href":"https:\/\/mediarun.com\/pl\/wp-json\/wp\/v2\/posts\/71595\/revisions"}],"wp:featuredmedia":[{"embeddable":true,"href":"https:\/\/mediarun.com\/pl\/wp-json\/wp\/v2\/media\/71596"}],"wp:attachment":[{"href":"https:\/\/mediarun.com\/pl\/wp-json\/wp\/v2\/media?parent=71595"}],"wp:term":[{"taxonomy":"category","embeddable":true,"href":"https:\/\/mediarun.com\/pl\/wp-json\/wp\/v2\/categories?post=71595"},{"taxonomy":"post_tag","embeddable":true,"href":"https:\/\/mediarun.com\/pl\/wp-json\/wp\/v2\/tags?post=71595"}],"curies":[{"name":"wp","href":"https:\/\/api.w.org\/{rel}","templated":true}]}}