{"id":71591,"date":"2006-09-20T11:11:34","date_gmt":"2006-09-20T09:11:34","guid":{"rendered":"https:\/\/mediarun.com\/index.php\/news-posts\/rmf-fm-ze-szczecina-do-katowic\/"},"modified":"2006-09-20T11:11:34","modified_gmt":"2006-09-20T09:11:34","slug":"rmf-fm-ze-szczecina-do-katowic","status":"publish","type":"post","link":"https:\/\/mediarun.com\/pl\/media\/radio\/rmf-fm-ze-szczecina-do-katowic.html","title":{"rendered":"RMF FM: ze Szczecina do Katowic"},"content":{"rendered":"<p>Tym samym RMF FM znowu b\u0119dzie mia\u0142 dw\u00f3ch reporter\u00f3w w Katowicach &#8211; Anet\u0119 Godu\u0144sk\u0105 i Marcina Buczka.<\/p>\n<p>Jacek Stawiski, szef informacji RMF FM, zapewnia, \u017ce rozg\u0142o\u015bnia b\u0119dzie mia\u0142a swojego korespondenta w Szczecinie. Obecnie trwaj\u0105 poszukiwania dziennikarza do szczeci\u0144skiego oddzia\u0142u RMF FM.<\/p>\n<p>Aneta Godu\u0144ska pod koniec ubieg\u0142ego roku przesz\u0142a do RMF FM z TVP3 Szczecina, gdzie prowadzi\u0142a program informacyjny &#8216;Kronika&#8217;.<\/p>\n","protected":false},"excerpt":{"rendered":"Aneta Godu\u0144ska zasili z pocz\u0105tkiem pa\u017adziernika katowicki oddzia\u0142 RMF FM. Dziennikarka dotychczas nadawa\u0142a relacje dla rozg\u0142o\u015bni ze Szczecina. Godu\u0144ska zast\u0105pi w Katowicach Tomasza Maszczyka, kt\u00f3ry rozsta\u0142 si\u0119 z RMF FM.","protected":false},"author":1,"featured_media":71592,"comment_status":"open","ping_status":"closed","sticky":false,"template":"","format":"standard","meta":{"csco_display_header_overlay":false,"csco_singular_sidebar":"","csco_page_header_type":"","csco_page_load_nextpost":"","csco_post_video_location":[],"csco_post_video_location_hash":"","csco_post_video_url":"","csco_post_video_bg_start_time":0,"csco_post_video_bg_end_time":0,"footnotes":""},"categories":[9672],"tags":[],"class_list":{"0":"post-71591","1":"post","2":"type-post","3":"status-publish","4":"format-standard","5":"has-post-thumbnail","7":"category-radio","8":"cs-entry","9":"cs-video-wrap"},"_links":{"self":[{"href":"https:\/\/mediarun.com\/pl\/wp-json\/wp\/v2\/posts\/71591","targetHints":{"allow":["GET"]}}],"collection":[{"href":"https:\/\/mediarun.com\/pl\/wp-json\/wp\/v2\/posts"}],"about":[{"href":"https:\/\/mediarun.com\/pl\/wp-json\/wp\/v2\/types\/post"}],"author":[{"embeddable":true,"href":"https:\/\/mediarun.com\/pl\/wp-json\/wp\/v2\/users\/1"}],"replies":[{"embeddable":true,"href":"https:\/\/mediarun.com\/pl\/wp-json\/wp\/v2\/comments?post=71591"}],"version-history":[{"count":0,"href":"https:\/\/mediarun.com\/pl\/wp-json\/wp\/v2\/posts\/71591\/revisions"}],"wp:featuredmedia":[{"embeddable":true,"href":"https:\/\/mediarun.com\/pl\/wp-json\/wp\/v2\/media\/71592"}],"wp:attachment":[{"href":"https:\/\/mediarun.com\/pl\/wp-json\/wp\/v2\/media?parent=71591"}],"wp:term":[{"taxonomy":"category","embeddable":true,"href":"https:\/\/mediarun.com\/pl\/wp-json\/wp\/v2\/categories?post=71591"},{"taxonomy":"post_tag","embeddable":true,"href":"https:\/\/mediarun.com\/pl\/wp-json\/wp\/v2\/tags?post=71591"}],"curies":[{"name":"wp","href":"https:\/\/api.w.org\/{rel}","templated":true}]}}