{"id":71560,"date":"2006-09-21T06:00:00","date_gmt":"2006-09-21T04:00:00","guid":{"rendered":"https:\/\/mediarun.com\/index.php\/news-posts\/72-proc-polakow-ma-telefon-komorkowy\/"},"modified":"2006-09-21T06:00:00","modified_gmt":"2006-09-21T04:00:00","slug":"72-proc-polakow-ma-telefon-komorkowy","status":"publish","type":"post","link":"https:\/\/mediarun.com\/pl\/trendy\/badania\/72-proc-polakow-ma-telefon-komorkowy.html","title":{"rendered":"72 proc. Polak\u00f3w ma telefon kom\u00f3rkowy"},"content":{"rendered":"<p><P>Jak wskazuj\u0105 badania, wi\u0119kszo\u015b\u0107 posiadaczy kom\u00f3rek ma od 20 do 29 lat. W\u015br\u00f3d nastolatk\u00f3w (13-19 lat) telefon kom\u00f3rkowy ma 91 proc. ankietowanych.<\/P><br \/>\n<P>W\u015br\u00f3d ludzi w wieku 30-39 lat kom\u00f3rk\u0119 ma 90 proc. badanych. P\u00f3\u017aniej &#8211; ze wzrostem wieku u\u017cytkownik\u00f3w &#8211; liczba telefon\u00f3w kom\u00f3rkowych stopniowo maleje. Dla coraz starszych wynosi: 77 proc. dla os\u00f3b w wieku 40-49 lat, 60 proc. dla przedzia\u0142u 50-59 lat, 42 proc. dla wieku 60-69 lat, oraz 32 proc. dla os\u00f3b w wieku 70 i wi\u0119cej lat.<BR>&nbsp;<BR>Posiadanie telefonu kom\u00f3rkowego zale\u017cy te\u017c od wykszta\u0142cenia &#8211; im bardziej wykszta\u0142cony Polak, tym cz\u0119\u015bciej ma kom\u00f3rk\u0119: 86 proc. Polak\u00f3w z wy\u017cszym wykszta\u0142ceniem j\u0105 posiada, podczas gdy w\u015br\u00f3d os\u00f3b z wykszta\u0142ceniem podstawowym odsetek ten wynosi tylko 51 proc.<\/P><br \/>\n<P>Ciekawa jest zale\u017cno\u015b\u0107 faktu posiadania kom\u00f3rki od miejsca zamieszkania &#8211; najwi\u0119cej u\u017cytkownik\u00f3w kom\u00f3rek &#8211; 79 proc. &#8211; jest w miastach \u015bredniej wielko\u015bci (od 50 do 200 tys. mieszka\u0144c\u00f3w).<\/P><br \/>\n<P>Nieco mniejsze nasycenie kom\u00f3rkami obserwujemy w miastach du\u017cych (powy\u017cej 200 tys.) i ma\u0142ych (poni\u017cej 50 tys.): oko\u0142o 74 proc. Odsetek ten jest tylko troch\u0119 ni\u017cszy na wsi: 67 proc. Mniejsz\u0105 popularno\u015b\u0107 kom\u00f3rek w du\u017cych miastach w por\u00f3wnaniu ze \u015brednimi t\u0142umaczy &#8211; wed\u0142ug Estymatora &#8211; wi\u0119ksze nasycenie telefoni\u0105 stacjonarn\u0105.<\/P><br \/>\n<P>Wed\u0142ug sonda\u017cu, wa\u017cny jest tak\u017ce poziom dochod\u00f3w: i tak 93 proc. najbogatszych Polak\u00f3w (doch\u00f3d rodziny powy\u017cej 4000 z\u0142 miesi\u0119cznie) to u\u017cytkownicy telefonu kom\u00f3rkowego. W\u015br\u00f3d os\u00f3b najubo\u017cszych (doch\u00f3d rodziny do 1000 z\u0142) odsetek ten wynosi 57 proc.<\/P><br \/>\n<P>Odsetek klient\u00f3w poszczeg\u00f3lnych sieci jest &#8211; wed\u0142ug sonda\u017cu &#8211; nast\u0119puj\u0105cy: Orange &#8211; 26 proc., Era &#8211; 25 proc., Plus &#8211; 25 proc., Heyah &#8211; 7 proc., Sami Swoi &#8211; 2 proc.<\/P><br \/>\n<P>Najlepiej wykszta\u0142ceni s\u0105 klienci Ery &#8211; a\u017c 37 proc. z nich ma wy\u017csze wykszta\u0142cenie. Ta sama sie\u0107 ma te\u017c najwi\u0119cej klient\u00f3w o najwy\u017cszych dochodach. Najm\u0142odszych u\u017cytkownik\u00f3w ma sie\u0107 Heyah &#8211; 26 proc. z nich ma 13-19 lat. Z kolei w\u015br\u00f3d klient\u00f3w Samych Swoich najwi\u0119kszy &#8211; 46-proc., jest udzia\u0142 os\u00f3b mieszkaj\u0105cych na wsi. Sie\u0107 ta ma tak\u017ce najwi\u0119kszy odsetek os\u00f3b o najni\u017cszych dochodach.<\/P><br \/>\n<P>Badanie przeprowadzono od marca do maja 2006 r. w ramach projektu EstyMedia na og\u00f3lnopolskiej, losowej pr\u00f3bie 3724 os\u00f3b w wieku od 13 do 80 lat.<\/P><\/p>\n","protected":false},"excerpt":{"rendered":"72 proc. Polak\u00f3w ma co najmniej jeden telefon kom\u00f3rkowy &#8211; wynika z sonda\u017cu Biura Badania Opinii i Rynku Estymator.","protected":false},"author":1,"featured_media":71561,"comment_status":"open","ping_status":"closed","sticky":false,"template":"","format":"standard","meta":{"csco_display_header_overlay":false,"csco_singular_sidebar":"","csco_page_header_type":"","csco_page_load_nextpost":"","csco_post_video_location":[],"csco_post_video_location_hash":"","csco_post_video_url":"","csco_post_video_bg_start_time":0,"csco_post_video_bg_end_time":0,"footnotes":""},"categories":[9662],"tags":[877],"class_list":{"0":"post-71560","1":"post","2":"type-post","3":"status-publish","4":"format-standard","5":"has-post-thumbnail","7":"category-badania","8":"tag-heyah","9":"cs-entry","10":"cs-video-wrap"},"_links":{"self":[{"href":"https:\/\/mediarun.com\/pl\/wp-json\/wp\/v2\/posts\/71560","targetHints":{"allow":["GET"]}}],"collection":[{"href":"https:\/\/mediarun.com\/pl\/wp-json\/wp\/v2\/posts"}],"about":[{"href":"https:\/\/mediarun.com\/pl\/wp-json\/wp\/v2\/types\/post"}],"author":[{"embeddable":true,"href":"https:\/\/mediarun.com\/pl\/wp-json\/wp\/v2\/users\/1"}],"replies":[{"embeddable":true,"href":"https:\/\/mediarun.com\/pl\/wp-json\/wp\/v2\/comments?post=71560"}],"version-history":[{"count":0,"href":"https:\/\/mediarun.com\/pl\/wp-json\/wp\/v2\/posts\/71560\/revisions"}],"wp:featuredmedia":[{"embeddable":true,"href":"https:\/\/mediarun.com\/pl\/wp-json\/wp\/v2\/media\/71561"}],"wp:attachment":[{"href":"https:\/\/mediarun.com\/pl\/wp-json\/wp\/v2\/media?parent=71560"}],"wp:term":[{"taxonomy":"category","embeddable":true,"href":"https:\/\/mediarun.com\/pl\/wp-json\/wp\/v2\/categories?post=71560"},{"taxonomy":"post_tag","embeddable":true,"href":"https:\/\/mediarun.com\/pl\/wp-json\/wp\/v2\/tags?post=71560"}],"curies":[{"name":"wp","href":"https:\/\/api.w.org\/{rel}","templated":true}]}}