{"id":71526,"date":"2006-09-21T12:44:55","date_gmt":"2006-09-21T10:44:55","guid":{"rendered":"https:\/\/mediarun.com\/index.php\/news-posts\/gorzka-milosc-wiezniarek-i-ich-dzieci\/"},"modified":"2006-09-21T12:44:55","modified_gmt":"2006-09-21T10:44:55","slug":"gorzka-milosc-wiezniarek-i-ich-dzieci","status":"publish","type":"post","link":"https:\/\/mediarun.com\/pl\/ludzie\/wywiad\/gorzka-milosc-wiezniarek-i-ich-dzieci.html","title":{"rendered":"&#8216;Gorzka mi\u0142o\u015b\u0107&#8217; wi\u0119\u017aniarek i ich dzieci"},"content":{"rendered":"<p>Bohaterkami serialu b\u0119dzie kilkana\u015bcie kobiet, kt\u00f3re wraz ze swoimi ma\u0142ymi dzie\u0107mi przebywaj\u0105 w zak\u0142adzie karnym w Krzywa\u0144cu &#8211; jednym z dw\u00f3ch takich o\u015brodk\u00f3w w Polsce. &#8211; Ka\u017cda kobieta to jest inna historia, inny dramat &#8211; m\u00f3wi nam Miros\u0142aw Bork, producent i scenarzysta 'Gorzkiej mi\u0142o\u015bci&#8217;. B\u0119d\u0105 to zar\u00f3wno nieletnie dziewczyny jak i czterdziestolatki, zawsze samotne jak i by\u0142e m\u0119\u017catki, bez wykszta\u0142cenia jak i z dyplomem wy\u017cszej uczelni. Z r\u00f3\u017cnych powod\u00f3w trafi\u0142y tak\u017ce do wi\u0119zienia. Jedne same winne s\u0105 temu, gdzie si\u0119 znalaz\u0142y, s\u0105 w wiezieniu, bo pope\u0142ni\u0142y ci\u0119\u017ckie przest\u0119pstwa, inne natomiast trafi\u0142y za kratki niejako przez przypadek, mo\u017cna by powiedzie\u0107, \u017ce za spraw\u0105 jakiego\u015b fatum.<\/p>\n<p>Losy wi\u0119\u017aniarek i ich bliskich b\u0119d\u0105 si\u0119 przeplata\u0107 przez ca\u0142y serial. W ka\u017cdym epizodzie pojawi\u0105 si\u0119 trzy bohaterki. Tw\u00f3rcy skupili si\u0119 na ich emocjach, rado\u015bciach i l\u0119kach. Widzowie zobacz\u0105, jak wi\u0119\u017aniarki ucz\u0105 si\u0119 trudnej roli matki w niecodziennych warunkach. Nie zabraknie prawdziwych dramat\u00f3w. Nie wszystkie bohaterki opuszcz\u0105 wi\u0119zienie razem ze swymi dzie\u0107mi. Niekt\u00f3re maj\u0105c przed sob\u0105 d\u0142ugoletni wyrok, b\u0119d\u0105 musia\u0142y rozsta\u0107 si\u0119 z nimi, bowiem dzieci moga przebywac w zak\u0142adzie karnym jedynie do czwartego roku \u017cycia, potem musz\u0105 trafi\u0107 do domu dziecka b\u0105d\u017a rodziny zast\u0119pczej. Skazane kobiety liczy\u0107 b\u0119d\u0105 ka\u017cdy dzie\u0144 do ko\u0144ca wyroku, by ponownie si\u0119 z nimi spotka\u0107.<\/p>\n<p>W serialu widzowie poznaj\u0105 tak\u017ce rodziny wi\u0119\u017aniarek. &#8211; Ta historia nie mia\u0142aby sensu, gdyby\u015bmy nie pokazywali drugiej strony, czyli tych os\u00f3b, kt\u00f3re one zostawi\u0142y w domu. S\u0105 to cz\u0119sto m\u0119\u017cowie, byli m\u0119\u017cowie, wi\u0119kszo\u015b\u0107 z nich ma dzieci, kt\u00f3re zosta\u0142y na zewn\u0105trz &#8211; wyja\u015bnia Bork &#8211; To jest taka sytuacja, \u017ce w tych rodzinach wszystko musi si\u0119 zogniskowa\u0107 wok\u00f3\u0142 tej kobiety &#8211; dodaje. Cz\u0119sto historie te tocz\u0105 si\u0119 w zaskakuj\u0105cy spos\u00f3b. Jedna z nich opowiada o rozwiedzionej kobiecie, kt\u00f3ra sama wychowywa\u0142a dziecko. Gdy trafi\u0142a do wi\u0119zienia, m\u0105\u017c przypomnia\u0142 sobie o niej i najprawodpodbniej wszystko zako\u0144czy si\u0119 to powt\u00f3rnym \u015blubem. <\/p>\n<p><?plik(5075,'left','W serialu zobaczymy trudne macierzy\u0144stwo za wi\u0119ziennymi kratami (fot. Polsat)')?>W pierwszym odcinku, kt\u00f3ry zostanie pokazany 28 wrze\u015bnia, widzowie poznaj\u0105 Beat\u0119, kt\u00f3ra b\u0119d\u0105c w si\u00f3dmym miesi\u0105cu ci\u0105\u017cy zabi\u0142a w pijackiej b\u00f3jce swoj\u0105 siostr\u0119. Jak przyznaje, nie chcia\u0142a tego. Na sprawie s\u0105dowej sama si\u0119 obci\u0105\u017ca\u0142a chc\u0105c znikn\u0105\u0107 na zawsze, dosta\u0107 do\u017cywocie. W wi\u0119zieniu przebywa z dzieckiem, szanuj\u0105 j\u0105 nie tylko wi\u0119\u017aniarki, ale tak\u017ce personel. Nie wdaje si\u0119 w konflikty, jest \u017cyczliwa i pomocna. Prze\u015bladuje j\u0105 my\u015bl, by cofn\u0105\u0107 czas i odda\u0107 \u017cycie za siostr\u0119. Ma dwa wielkie dylematy &#8211; jak si\u0119 spotka\u0107 z dzie\u0107mi swojej siostry, kt\u00f3r\u0105 zabi\u0142a i z ich ojcem, ale tak\u017ce jak nie straci\u0107 kontaktu ze swoim dzieckiem, kt\u00f3re b\u0119dzie musia\u0142a odda\u0107 nied\u0142ugo.<\/p>\n<p>W innym z odcink\u00f3w zostanie przedstawiona opowie\u015b\u0107 o kobiecie, kt\u00f3ra zacz\u0119\u0142a kra\u015b\u0107, bo nie mia\u0142a pieni\u0119dzy na jedzenie dla swoich dzieci. Chc\u0105c zaspokoi\u0107 ich potrzeby, nie potrafi\u0142a jednak zerwa\u0107 z przest\u0119pcz\u0105 dzia\u0142alno\u015bci\u0105 i to sta\u0142o si\u0119 jej druga natur\u0105. Sama teraz si\u0119 zastanawia nad tym, jak mog\u0142o do tego doj\u015b\u0107. <\/p>\n<p>Pierwsze prace dokumentacyjne nad serialem rozpocz\u0119\u0142y si\u0119 w jeszcze w 2005 roku. Najtrudniejsze jednak okaza\u0142o si\u0119 nak\u0142onienie skazanych kobiet do wzi\u0119cia w nim udzia\u0142u. &#8211; Na pocz\u0105tku sz\u0142o jak po grudzie i wydawa\u0142o si\u0119, \u017ce nic z tego nie b\u0119dzie. Dlatego, \u017ce s\u0105 to rzeczy wstydliwe, trudne, w gr\u0119 wchodzi dobro dzieci &#8211; m\u00f3wi Miros\u0142aw Bork. Zmiana nast\u0105pi\u0142a, gdy kobiety zorientowa\u0142y si\u0119, \u017ce ekipa nie wpad\u0142a tam na p\u00f3\u0142 godziny, ale by\u0142a z nimi ca\u0142y czas, w sumie przez cztery miesi\u0105ce i wcale nie by\u0142a nachalna, daj\u0105c im czas i mo\u017cliwo\u015b\u0107 decydowania, kiedy i co kr\u0119ci\u0107. To spowodowa\u0142o, \u017ce skazane otworzy\u0142y si\u0119, pokaza\u0142y swoje emocje, cho\u0107 nie zawsze by\u0142o to takie proste. &#8211; Wiele razy si\u0119 zdarza\u0142o, \u017ce ekipa si\u0119 um\u00f3wi\u0142a z nimi, ale potem si\u0119 okazywa\u0142o, \u017ce moment w\u0142\u0105czenia kamery by\u0142 parali\u017cuj\u0105cy &#8211; wyja\u015bnia Bork. Jednak jak m\u00f3wi s\u0105 to prawdziwe historie, one nie k\u0142ami\u0105, chocia\u017c kobiety pr\u00f3buj\u0105 tak\u017ce co\u015b ukry\u0107. &#8211; To nie s\u0105 same anio\u0142y &#8211; podkre\u015bla.<\/p>\n<p>Serial zaplanowano pocz\u0105tkowo na 12 odcink\u00f3w. Jednak tw\u00f3rcy przymierzaj\u0105 si\u0119 ju\u017c do powrotu do Krzywa\u0144ca, by\u0107 mo\u017ce powstan\u0105 wi\u0119c kolejne epizody. &#8211; Ca\u0142a ta historia ma sens, kiedy ogl\u0105damy to nie w jednym momencie, ale tak jak to si\u0119 toczy w \u017cyciu &#8211;  t\u0142umaczy nam Bork. Producentem &#8216;Gorzkiej mi\u0142o\u015bci&#8217; jest firma BoMedia, serial re\u017cyseruje Krzysztof Piotrowski.<\/p>\n","protected":false},"excerpt":{"rendered":"Telewizja Polsat przygotowa\u0142a na jesie\u0144 telenowel\u0119 dokumentaln\u0105 pod tytu\u0142em &#8216;Gorzka mi\u0142o\u015b\u0107&#8217;. B\u0119dzie to opowie\u015b\u0107 o losach skazanych kobiet, kt\u00f3re odsiaduj\u0105 wyrok razem ze swoimi dzie\u0107mi. Skomplikowane i dramatyczne historie wi\u0119\u017aniarek i ich rodzin widzowie Polsatu b\u0119d\u0105 poznawa\u0107 w ka\u017cdy czwartek o godz. 23:25 pocz\u0105wszy od 28 wrze\u015bnia.","protected":false},"author":1,"featured_media":71527,"comment_status":"open","ping_status":"closed","sticky":false,"template":"","format":"standard","meta":{"csco_display_header_overlay":false,"csco_singular_sidebar":"","csco_page_header_type":"","csco_page_load_nextpost":"","csco_post_video_location":[],"csco_post_video_location_hash":"","csco_post_video_url":"","csco_post_video_bg_start_time":0,"csco_post_video_bg_end_time":0,"footnotes":""},"categories":[45],"tags":[],"class_list":{"0":"post-71526","1":"post","2":"type-post","3":"status-publish","4":"format-standard","5":"has-post-thumbnail","7":"category-wywiad","8":"cs-entry","9":"cs-video-wrap"},"_links":{"self":[{"href":"https:\/\/mediarun.com\/pl\/wp-json\/wp\/v2\/posts\/71526","targetHints":{"allow":["GET"]}}],"collection":[{"href":"https:\/\/mediarun.com\/pl\/wp-json\/wp\/v2\/posts"}],"about":[{"href":"https:\/\/mediarun.com\/pl\/wp-json\/wp\/v2\/types\/post"}],"author":[{"embeddable":true,"href":"https:\/\/mediarun.com\/pl\/wp-json\/wp\/v2\/users\/1"}],"replies":[{"embeddable":true,"href":"https:\/\/mediarun.com\/pl\/wp-json\/wp\/v2\/comments?post=71526"}],"version-history":[{"count":0,"href":"https:\/\/mediarun.com\/pl\/wp-json\/wp\/v2\/posts\/71526\/revisions"}],"wp:featuredmedia":[{"embeddable":true,"href":"https:\/\/mediarun.com\/pl\/wp-json\/wp\/v2\/media\/71527"}],"wp:attachment":[{"href":"https:\/\/mediarun.com\/pl\/wp-json\/wp\/v2\/media?parent=71526"}],"wp:term":[{"taxonomy":"category","embeddable":true,"href":"https:\/\/mediarun.com\/pl\/wp-json\/wp\/v2\/categories?post=71526"},{"taxonomy":"post_tag","embeddable":true,"href":"https:\/\/mediarun.com\/pl\/wp-json\/wp\/v2\/tags?post=71526"}],"curies":[{"name":"wp","href":"https:\/\/api.w.org\/{rel}","templated":true}]}}