{"id":71520,"date":"2006-09-21T16:37:22","date_gmt":"2006-09-21T14:37:22","guid":{"rendered":"https:\/\/mediarun.com\/index.php\/news-posts\/kolejny-muzyk-zredaguje-wyborcza\/"},"modified":"2006-09-21T16:37:22","modified_gmt":"2006-09-21T14:37:22","slug":"kolejny-muzyk-zredaguje-wyborcza","status":"publish","type":"post","link":"https:\/\/mediarun.com\/pl\/media\/prasa\/kolejny-muzyk-zredaguje-wyborcza.html","title":{"rendered":"Kolejny muzyk zredaguj\u0119 Wyborcz\u0105"},"content":{"rendered":"<p>Adam Nowak bez wahania zgodzi\u0142 si\u0119 wzi\u0105\u0107 udzia\u0142 w akcji. &#8211; Bardzo si\u0119 ciesz\u0119 i jestem dumny, \u017ce b\u0119d\u0119 m\u00f3g\u0142 pom\u00f3c Izie &#8211; m\u00f3wi muzyk. Nowak b\u0119dzie w redakcji przez ca\u0142y dzie\u0144 &#8211; od porannego zebrania zespo\u0142u do chwili wys\u0142ania z\u0142amanych kolumn do drukarni. Zam\u00f3wi u dziennikarzy teksty na wybrane przez siebie tematy, a potem je zredaguje. <\/p>\n<p>Pomys\u0142odawcy akcji wierz\u0105, \u017ce Adam Nowak zach\u0119ci reklamodawc\u00f3w do wykupienia niestandardowej reklamy w kszta\u0142cie gitary i licytowania miejsca reklamowego na pierwszej stronie Gazety. Reklamodawcy zostan\u0105 zaproszeni do redakcji, gdzie spotkaj\u0105 si\u0119 z Adamem Nowakiem i zobacz\u0105, jak powstaje to wyj\u0105tkowe wydanie dziennika. <\/p>\n<p>Podobne akcje Gazeta Wyborcza przeprowadzi\u0142a ju\u017c w Katowicach, Lublinie, Bielsku Bia\u0142ej oraz w Cz\u0119stochowie. Doch\u00f3d ze sprzeda\u017cy niestandardowych og\u0142osze\u0144 w wydaniach redagowanych przez znanych muzyk\u00f3w zosta\u0142 przekazany potrzebuj\u0105cym dzieciom.<\/p>\n","protected":false},"excerpt":{"rendered":"Wokalista zespo\u0142u &#8216;Raz, Dwa Trzy&#8217;, Adam Nowak zredaguje wydanie toru\u0144skiej Gazety Wyborczej, kt\u00f3re uka\u017ce si\u0119 29 wrze\u015bnia 2006 r. Ca\u0142y doch\u00f3d ze sprzeda\u017cy niestandardowych reklam w kszta\u0142cie gitar w tym wydaniu zostanie przekazany na pomoc jedenastoletniej Izie, kt\u00f3ra choruje na pora\u017cenie m\u00f3zgowe.","protected":false},"author":1,"featured_media":71521,"comment_status":"open","ping_status":"closed","sticky":false,"template":"","format":"standard","meta":{"csco_display_header_overlay":false,"csco_singular_sidebar":"","csco_page_header_type":"","csco_page_load_nextpost":"","csco_post_video_location":[],"csco_post_video_location_hash":"","csco_post_video_url":"","csco_post_video_bg_start_time":0,"csco_post_video_bg_end_time":0,"footnotes":""},"categories":[9673],"tags":[],"class_list":{"0":"post-71520","1":"post","2":"type-post","3":"status-publish","4":"format-standard","5":"has-post-thumbnail","7":"category-prasa","8":"cs-entry","9":"cs-video-wrap"},"_links":{"self":[{"href":"https:\/\/mediarun.com\/pl\/wp-json\/wp\/v2\/posts\/71520","targetHints":{"allow":["GET"]}}],"collection":[{"href":"https:\/\/mediarun.com\/pl\/wp-json\/wp\/v2\/posts"}],"about":[{"href":"https:\/\/mediarun.com\/pl\/wp-json\/wp\/v2\/types\/post"}],"author":[{"embeddable":true,"href":"https:\/\/mediarun.com\/pl\/wp-json\/wp\/v2\/users\/1"}],"replies":[{"embeddable":true,"href":"https:\/\/mediarun.com\/pl\/wp-json\/wp\/v2\/comments?post=71520"}],"version-history":[{"count":0,"href":"https:\/\/mediarun.com\/pl\/wp-json\/wp\/v2\/posts\/71520\/revisions"}],"wp:featuredmedia":[{"embeddable":true,"href":"https:\/\/mediarun.com\/pl\/wp-json\/wp\/v2\/media\/71521"}],"wp:attachment":[{"href":"https:\/\/mediarun.com\/pl\/wp-json\/wp\/v2\/media?parent=71520"}],"wp:term":[{"taxonomy":"category","embeddable":true,"href":"https:\/\/mediarun.com\/pl\/wp-json\/wp\/v2\/categories?post=71520"},{"taxonomy":"post_tag","embeddable":true,"href":"https:\/\/mediarun.com\/pl\/wp-json\/wp\/v2\/tags?post=71520"}],"curies":[{"name":"wp","href":"https:\/\/api.w.org\/{rel}","templated":true}]}}