{"id":71466,"date":"2006-09-22T15:35:13","date_gmt":"2006-09-22T13:35:13","guid":{"rendered":"https:\/\/mediarun.com\/index.php\/news-posts\/cr-media-nagrodzilo-prezesa-asp\/"},"modified":"2006-09-22T15:35:13","modified_gmt":"2006-09-22T13:35:13","slug":"cr-media-nagrodzilo-prezesa-asp","status":"publish","type":"post","link":"https:\/\/mediarun.com\/pl\/media\/prasa\/cr-media-nagrodzilo-prezesa-asp.html","title":{"rendered":"CR Media nagrodzi\u0142o prezesa ASP"},"content":{"rendered":"<p>Ryszard Wojcieechowski, prezes CR Media, uzasadnia\u0142 wr\u0119czenie nagrody prezesowi Axel Springer Polska tym, \u017ce Florian Fels swoimi dzia\u0142aniami symbolizuje warto\u015bci najbardziej bliskie grupie: tw\u00f3rcze my\u015blenie, odwag\u0119 i wytrwa\u0142o\u015b\u0107 w d\u0105\u017ceniu do celu.<\/p>\n","protected":false},"excerpt":{"rendered":"Florian Fels i Wydawnictwo Axel Springer Polska zostali laureatem nagrody specjalnej Grupy CR Media za najwi\u0119kszy wp\u0142yw na wydarzenia mijaj\u0105cej dekady na polskim rynku. Wyr\u00f3\u017cnienie zosta\u0142o przyznane przez CR Media z okazji 10. rocznicy istnienia sp\u00f3\u0142ki","protected":false},"author":1,"featured_media":71467,"comment_status":"open","ping_status":"closed","sticky":false,"template":"","format":"standard","meta":{"csco_display_header_overlay":false,"csco_singular_sidebar":"","csco_page_header_type":"","csco_page_load_nextpost":"","csco_post_video_location":[],"csco_post_video_location_hash":"","csco_post_video_url":"","csco_post_video_bg_start_time":0,"csco_post_video_bg_end_time":0,"footnotes":""},"categories":[9673],"tags":[],"class_list":{"0":"post-71466","1":"post","2":"type-post","3":"status-publish","4":"format-standard","5":"has-post-thumbnail","7":"category-prasa","8":"cs-entry","9":"cs-video-wrap"},"_links":{"self":[{"href":"https:\/\/mediarun.com\/pl\/wp-json\/wp\/v2\/posts\/71466","targetHints":{"allow":["GET"]}}],"collection":[{"href":"https:\/\/mediarun.com\/pl\/wp-json\/wp\/v2\/posts"}],"about":[{"href":"https:\/\/mediarun.com\/pl\/wp-json\/wp\/v2\/types\/post"}],"author":[{"embeddable":true,"href":"https:\/\/mediarun.com\/pl\/wp-json\/wp\/v2\/users\/1"}],"replies":[{"embeddable":true,"href":"https:\/\/mediarun.com\/pl\/wp-json\/wp\/v2\/comments?post=71466"}],"version-history":[{"count":0,"href":"https:\/\/mediarun.com\/pl\/wp-json\/wp\/v2\/posts\/71466\/revisions"}],"wp:featuredmedia":[{"embeddable":true,"href":"https:\/\/mediarun.com\/pl\/wp-json\/wp\/v2\/media\/71467"}],"wp:attachment":[{"href":"https:\/\/mediarun.com\/pl\/wp-json\/wp\/v2\/media?parent=71466"}],"wp:term":[{"taxonomy":"category","embeddable":true,"href":"https:\/\/mediarun.com\/pl\/wp-json\/wp\/v2\/categories?post=71466"},{"taxonomy":"post_tag","embeddable":true,"href":"https:\/\/mediarun.com\/pl\/wp-json\/wp\/v2\/tags?post=71466"}],"curies":[{"name":"wp","href":"https:\/\/api.w.org\/{rel}","templated":true}]}}