{"id":71461,"date":"2006-09-22T18:56:32","date_gmt":"2006-09-22T16:56:32","guid":{"rendered":"https:\/\/mediarun.com\/index.php\/news-posts\/moskalewicz-odchodzi-z-rzeczpospolitej\/"},"modified":"2006-09-22T18:56:32","modified_gmt":"2006-09-22T16:56:32","slug":"moskalewicz-odchodzi-z-rzeczpospolitej","status":"publish","type":"post","link":"https:\/\/mediarun.com\/pl\/media\/prasa\/moskalewicz-odchodzi-z-rzeczpospolitej.html","title":{"rendered":"Moskalewicz odchodzi z Rzeczpospolitej"},"content":{"rendered":"<p>Pawe\u0142 Moskalewicz pracowa\u0142 w Rzeczpospolitej od kwietnia br. Do Presspublici przyszed\u0142 z dziennika Puls Biznesu. Odpowiada\u0142 za &#8222;Prawo co dnia&#8221;, czyli tzw. \u017c\u00f3\u0142ty grzbiet Rzeczpospolitej. Teraz stronami prawnymi zajmie si\u0119 Pawe\u0142 Jab\u0142o\u0144ski &#8211; zast\u0119pca redaktora naczelnego, kt\u00f3ry odpowiada za &#8222;Ekomoni\u0119 i rynek&#8221;.<\/p>\n","protected":false},"excerpt":{"rendered":"Kolejne zmiany w Rzeczpospolitej po obj\u0119ciu stanowiska redaktora naczelnego przez Paw\u0142a Lisickiego. Po Jacku Rakowieckim i Ewie Kluczkowskiej z funkcj\u0105 zast\u0119pcy naczelnego po\u017cegna\u0142 si\u0119 Pawe\u0142 Moskalewicz. &#8211; Redaktor naczelny poinformowa\u0142 mnie, \u017ce nowa gazeta potrzebuje nowych, zaufanych ludzi &#8211; wyja\u015bnia nam Moskalewicz.","protected":false},"author":1,"featured_media":71462,"comment_status":"open","ping_status":"closed","sticky":false,"template":"","format":"standard","meta":{"csco_display_header_overlay":false,"csco_singular_sidebar":"","csco_page_header_type":"","csco_page_load_nextpost":"","csco_post_video_location":[],"csco_post_video_location_hash":"","csco_post_video_url":"","csco_post_video_bg_start_time":0,"csco_post_video_bg_end_time":0,"footnotes":""},"categories":[9673],"tags":[],"class_list":{"0":"post-71461","1":"post","2":"type-post","3":"status-publish","4":"format-standard","5":"has-post-thumbnail","7":"category-prasa","8":"cs-entry","9":"cs-video-wrap"},"_links":{"self":[{"href":"https:\/\/mediarun.com\/pl\/wp-json\/wp\/v2\/posts\/71461","targetHints":{"allow":["GET"]}}],"collection":[{"href":"https:\/\/mediarun.com\/pl\/wp-json\/wp\/v2\/posts"}],"about":[{"href":"https:\/\/mediarun.com\/pl\/wp-json\/wp\/v2\/types\/post"}],"author":[{"embeddable":true,"href":"https:\/\/mediarun.com\/pl\/wp-json\/wp\/v2\/users\/1"}],"replies":[{"embeddable":true,"href":"https:\/\/mediarun.com\/pl\/wp-json\/wp\/v2\/comments?post=71461"}],"version-history":[{"count":0,"href":"https:\/\/mediarun.com\/pl\/wp-json\/wp\/v2\/posts\/71461\/revisions"}],"wp:featuredmedia":[{"embeddable":true,"href":"https:\/\/mediarun.com\/pl\/wp-json\/wp\/v2\/media\/71462"}],"wp:attachment":[{"href":"https:\/\/mediarun.com\/pl\/wp-json\/wp\/v2\/media?parent=71461"}],"wp:term":[{"taxonomy":"category","embeddable":true,"href":"https:\/\/mediarun.com\/pl\/wp-json\/wp\/v2\/categories?post=71461"},{"taxonomy":"post_tag","embeddable":true,"href":"https:\/\/mediarun.com\/pl\/wp-json\/wp\/v2\/tags?post=71461"}],"curies":[{"name":"wp","href":"https:\/\/api.w.org\/{rel}","templated":true}]}}