{"id":71449,"date":"2006-09-24T18:08:36","date_gmt":"2006-09-24T16:08:36","guid":{"rendered":"https:\/\/mediarun.com\/index.php\/news-posts\/swiadkowie-historii-prl-w-newsweeku\/"},"modified":"2006-09-24T18:08:36","modified_gmt":"2006-09-24T16:08:36","slug":"swiadkowie-historii-prl-w-newsweeku","status":"publish","type":"post","link":"https:\/\/mediarun.com\/pl\/media\/prasa\/swiadkowie-historii-prl-w-newsweeku.html","title":{"rendered":"&#8217;\u015awiadkowie historii PRL&#8217; w Newsweeku"},"content":{"rendered":"<p>Ca\u0142a kolekcja b\u0119dzie prezentowa\u0142a najnowsz\u0105 histori\u0119 Polski po II wojnie \u015bwiatowej. Znajd\u0105 si\u0119 w niej wspomnienia \u015bwiadk\u00f3w, niepublikowane i nieznane dot\u0105d dokumenty, fragmenty publikacji ksi\u0105\u017ckowych, pami\u0119tnik\u00f3w i list\u00f3w do redakcji. <\/p>\n<p>Ka\u017cdy dodatek b\u0119dzie wzbogacony o kalendarium wydarze\u0144, zdj\u0119cia i infografiki. Materia\u0142y do kolekcji zosta\u0142y zebrane przez profesora Paw\u0142a Wieczorkiewicza, historyka, wyk\u0142adowcy Uniwersytetu Warszawskiego i Wy\u017cszej Szko\u0142y Humanistycznej. <\/p>\n<p>Wraz z pierwszym dodatkiem serii uka\u017ce si\u0119 ok\u0142adka do zbierania ca\u0142ej kolekcji. Pierwszy zeszyt b\u0119dzie liczy\u0142 16 stron.<\/p>\n","protected":false},"excerpt":{"rendered":"Tygodnik Newsweek Polska przygotowa\u0142 dla swoich czytelnik\u00f3w seri\u0119 dziesi\u0119ciu bezp\u0142atnych dodatk\u00f3w historycznych pod tytu\u0142em &#8216;\u015awiadkowie historii PRL&#8217;. Kolejne zeszyty serii b\u0119d\u0105 do\u0142\u0105czane do Newsweeka od najbli\u017cszego poniedzia\u0142ku.","protected":false},"author":1,"featured_media":71450,"comment_status":"open","ping_status":"closed","sticky":false,"template":"","format":"standard","meta":{"csco_display_header_overlay":false,"csco_singular_sidebar":"","csco_page_header_type":"","csco_page_load_nextpost":"","csco_post_video_location":[],"csco_post_video_location_hash":"","csco_post_video_url":"","csco_post_video_bg_start_time":0,"csco_post_video_bg_end_time":0,"footnotes":""},"categories":[9673],"tags":[],"class_list":{"0":"post-71449","1":"post","2":"type-post","3":"status-publish","4":"format-standard","5":"has-post-thumbnail","7":"category-prasa","8":"cs-entry","9":"cs-video-wrap"},"_links":{"self":[{"href":"https:\/\/mediarun.com\/pl\/wp-json\/wp\/v2\/posts\/71449","targetHints":{"allow":["GET"]}}],"collection":[{"href":"https:\/\/mediarun.com\/pl\/wp-json\/wp\/v2\/posts"}],"about":[{"href":"https:\/\/mediarun.com\/pl\/wp-json\/wp\/v2\/types\/post"}],"author":[{"embeddable":true,"href":"https:\/\/mediarun.com\/pl\/wp-json\/wp\/v2\/users\/1"}],"replies":[{"embeddable":true,"href":"https:\/\/mediarun.com\/pl\/wp-json\/wp\/v2\/comments?post=71449"}],"version-history":[{"count":0,"href":"https:\/\/mediarun.com\/pl\/wp-json\/wp\/v2\/posts\/71449\/revisions"}],"wp:featuredmedia":[{"embeddable":true,"href":"https:\/\/mediarun.com\/pl\/wp-json\/wp\/v2\/media\/71450"}],"wp:attachment":[{"href":"https:\/\/mediarun.com\/pl\/wp-json\/wp\/v2\/media?parent=71449"}],"wp:term":[{"taxonomy":"category","embeddable":true,"href":"https:\/\/mediarun.com\/pl\/wp-json\/wp\/v2\/categories?post=71449"},{"taxonomy":"post_tag","embeddable":true,"href":"https:\/\/mediarun.com\/pl\/wp-json\/wp\/v2\/tags?post=71449"}],"curies":[{"name":"wp","href":"https:\/\/api.w.org\/{rel}","templated":true}]}}