{"id":71432,"date":"2006-09-25T06:00:00","date_gmt":"2006-09-25T04:00:00","guid":{"rendered":"https:\/\/mediarun.com\/index.php\/news-posts\/nowa-twarz-w-agencji-dougfaberfamily\/"},"modified":"2006-09-25T06:00:00","modified_gmt":"2006-09-25T04:00:00","slug":"nowa-twarz-w-agencji-dougfaberfamily","status":"publish","type":"post","link":"https:\/\/mediarun.com\/pl\/ludzie\/awanse\/nowa-twarz-w-agencji-dougfaberfamily.html","title":{"rendered":"Nowa twarz w agencji DougFaberFamily"},"content":{"rendered":"<p>Podczas swojej prawie 9-letniej kariery w reklamie, Wood mia\u0142 okazj\u0119 pracowa\u0107 m.in. dla: Deutsche Bank, Norwich Union, Commercial Union, TelePizza, IKEA, Fiat Auto Polska, Daimler Chrysler, Grupa \u017bywiec, Electroworld.<\/p>\n","protected":false},"excerpt":{"rendered":"Od pa\u017adziernika stanowisko dyrektora strategicznego obejmie Daniel Wood. Wcze\u015bniej pracowa\u0142 on mi\u0119dzy innymi dla D&#8217;Arcy i Lowe GGK.","protected":false},"author":1,"featured_media":71433,"comment_status":"open","ping_status":"closed","sticky":false,"template":"","format":"standard","meta":{"csco_display_header_overlay":false,"csco_singular_sidebar":"","csco_page_header_type":"","csco_page_load_nextpost":"","csco_post_video_location":[],"csco_post_video_location_hash":"","csco_post_video_url":"","csco_post_video_bg_start_time":0,"csco_post_video_bg_end_time":0,"footnotes":""},"categories":[9678],"tags":[2981],"class_list":{"0":"post-71432","1":"post","2":"type-post","3":"status-publish","4":"format-standard","5":"has-post-thumbnail","7":"category-awanse","8":"tag-dougfaberfamily","9":"cs-entry","10":"cs-video-wrap"},"_links":{"self":[{"href":"https:\/\/mediarun.com\/pl\/wp-json\/wp\/v2\/posts\/71432","targetHints":{"allow":["GET"]}}],"collection":[{"href":"https:\/\/mediarun.com\/pl\/wp-json\/wp\/v2\/posts"}],"about":[{"href":"https:\/\/mediarun.com\/pl\/wp-json\/wp\/v2\/types\/post"}],"author":[{"embeddable":true,"href":"https:\/\/mediarun.com\/pl\/wp-json\/wp\/v2\/users\/1"}],"replies":[{"embeddable":true,"href":"https:\/\/mediarun.com\/pl\/wp-json\/wp\/v2\/comments?post=71432"}],"version-history":[{"count":0,"href":"https:\/\/mediarun.com\/pl\/wp-json\/wp\/v2\/posts\/71432\/revisions"}],"wp:featuredmedia":[{"embeddable":true,"href":"https:\/\/mediarun.com\/pl\/wp-json\/wp\/v2\/media\/71433"}],"wp:attachment":[{"href":"https:\/\/mediarun.com\/pl\/wp-json\/wp\/v2\/media?parent=71432"}],"wp:term":[{"taxonomy":"category","embeddable":true,"href":"https:\/\/mediarun.com\/pl\/wp-json\/wp\/v2\/categories?post=71432"},{"taxonomy":"post_tag","embeddable":true,"href":"https:\/\/mediarun.com\/pl\/wp-json\/wp\/v2\/tags?post=71432"}],"curies":[{"name":"wp","href":"https:\/\/api.w.org\/{rel}","templated":true}]}}