{"id":71378,"date":"2006-09-26T06:00:00","date_gmt":"2006-09-26T04:00:00","guid":{"rendered":"https:\/\/mediarun.com\/index.php\/news-posts\/amd-w-komputerach-apple\/"},"modified":"2006-09-26T06:00:00","modified_gmt":"2006-09-26T04:00:00","slug":"amd-w-komputerach-apple","status":"publish","type":"post","link":"https:\/\/mediarun.com\/pl\/marketing\/pr\/amd-w-komputerach-apple.html","title":{"rendered":"AMD w komputerach Apple?"},"content":{"rendered":"<p><P>Ruiz pos\u0142u\u017cy\u0142 si\u0119 nawet stwierdzeniem, \u017ce &#8222;Apple nie musi by\u0107 zak\u0142adnikiem Intela tak jak inne firmy wcze\u015bniej&#8221;. <\/P><br \/>\n<P>Stwierdzenie to jest dosy\u0107 bu\u0144czuczne i by\u0142oby mo\u017ce nawet zabawne gdyby nie zdecydowanie i konsekwencja z jak\u0105 AMD prze do przodu nie martwi\u0105c si\u0119 wcale konkurencj\u0105. Rozszerzenie oferty o Maki na podzespo\u0142ach AMD by\u0142oby niespodziewan\u0105 decyzj\u0105 ze strony Apple, wszak niedawno architektura zosta\u0142a zmieniona z PowerPC na x86. <\/P><br \/>\n<P>Z drugiej strony, przystosowanie MacOS X x86 do procesor\u00f3w Athlon zapewne nie nastr\u0119czy\u0142oby trudno\u015bci, poza tym, AMD kupuj\u0105c ATI zapewni\u0142o sobie wreszcie &#8222;w\u0142asne&#8221; stabilne chipsety&nbsp;&#8211; a wiadomo, \u017ce Apple stawia przede wszystkim na stabilno\u015b\u0107 i kompatybilno\u015b\u0107. <\/P><\/p>\n","protected":false},"excerpt":{"rendered":"CEO AMD, Hector Ruiz o\u015bwiadczy\u0142, i\u017c Apple rozwa\u017ca mo\u017cliwo\u015b\u0107 u\u017cycia w swoich komputerach platformy opartej na rozwi\u0105zaniach AMD.","protected":false},"author":1,"featured_media":71379,"comment_status":"open","ping_status":"closed","sticky":false,"template":"","format":"standard","meta":{"csco_display_header_overlay":false,"csco_singular_sidebar":"","csco_page_header_type":"","csco_page_load_nextpost":"","csco_post_video_location":[],"csco_post_video_location_hash":"","csco_post_video_url":"","csco_post_video_bg_start_time":0,"csco_post_video_bg_end_time":0,"footnotes":""},"categories":[9648],"tags":[196],"class_list":{"0":"post-71378","1":"post","2":"type-post","3":"status-publish","4":"format-standard","5":"has-post-thumbnail","7":"category-pr","8":"tag-apple","9":"cs-entry","10":"cs-video-wrap"},"_links":{"self":[{"href":"https:\/\/mediarun.com\/pl\/wp-json\/wp\/v2\/posts\/71378","targetHints":{"allow":["GET"]}}],"collection":[{"href":"https:\/\/mediarun.com\/pl\/wp-json\/wp\/v2\/posts"}],"about":[{"href":"https:\/\/mediarun.com\/pl\/wp-json\/wp\/v2\/types\/post"}],"author":[{"embeddable":true,"href":"https:\/\/mediarun.com\/pl\/wp-json\/wp\/v2\/users\/1"}],"replies":[{"embeddable":true,"href":"https:\/\/mediarun.com\/pl\/wp-json\/wp\/v2\/comments?post=71378"}],"version-history":[{"count":0,"href":"https:\/\/mediarun.com\/pl\/wp-json\/wp\/v2\/posts\/71378\/revisions"}],"wp:featuredmedia":[{"embeddable":true,"href":"https:\/\/mediarun.com\/pl\/wp-json\/wp\/v2\/media\/71379"}],"wp:attachment":[{"href":"https:\/\/mediarun.com\/pl\/wp-json\/wp\/v2\/media?parent=71378"}],"wp:term":[{"taxonomy":"category","embeddable":true,"href":"https:\/\/mediarun.com\/pl\/wp-json\/wp\/v2\/categories?post=71378"},{"taxonomy":"post_tag","embeddable":true,"href":"https:\/\/mediarun.com\/pl\/wp-json\/wp\/v2\/tags?post=71378"}],"curies":[{"name":"wp","href":"https:\/\/api.w.org\/{rel}","templated":true}]}}